{"id":259,"date":"2010-04-04T17:17:16","date_gmt":"2010-04-04T17:17:16","guid":{"rendered":"http:\/\/sntrvfl.homedns.org\/blogpat\/?p=259"},"modified":"2010-04-25T16:00:32","modified_gmt":"2010-04-25T16:00:32","slug":"quand-meme-la-science-deraille-a-propos-de-la-petition-anti-allegre","status":"publish","type":"post","link":"https:\/\/sntrvfl.org\/blogpat\/?p=259","title":{"rendered":"Quand m\u00eame la science d\u00e9raille &#8230; \u00e0 propos de la p\u00e9tition anti-All\u00e8gre"},"content":{"rendered":"<p>Il est des moments o\u00f9 l\u2019effarement ne le c\u00e8de qu\u2019au d\u00e9couragement \u00e0 la lecture de la presse nationale la plus autoris\u00e9e. Dans le journal <em>Le Monde <\/em>dat\u00e9 du 2 avril (publi\u00e9 le 1er) on pouvait lire en Une le titre suivant\u00a0: \u00ab\u00a0<em>Une p\u00e9tition demande aux pouvoirs publics de trancher le d\u00e9bat avec les climato-sceptiques\u00a0\u00bb<\/em>, ce titre \u00e9voquant la p\u00e9tition de plus de quatre cents chercheurs \u00e0 la suite de la publication de livres tr\u00e8s controvers\u00e9s de Claude All\u00e8gre et de Vincent Courtillot.<\/p>\n<p><!--more--><\/p>\n<p>Comme l\u2019\u00e9crasante majorit\u00e9 des citoyens, je suis incapable de d\u00e9m\u00ealer le vrai du faux. Mais entendons nous bien\u00a0: ce n\u2019est pas parce que je suis inculte, ou stupide, mais parce qu\u2019en sciences la \u00ab\u00a0v\u00e9rit\u00e9\u00a0\u00bb ne fait sens que confront\u00e9e aux faits, aux exp\u00e9riences, aux v\u00e9rifications, dans le cadre d\u2019un labeur long, m\u00e9ticuleux, contradictoire, toutes cat\u00e9gories qui n\u2019ont rien \u00e0 voir avec la guerre m\u00e9diatique dont <em>Le Monde<\/em> rend compte et qui n\u2019est pas de mon ressort.<\/p>\n<p>Comme on sait, les publications scientifiques sont contr\u00f4l\u00e9es par des jurys ou de comit\u00e9s de lectures, souvent anonymes, compos\u00e9s de sp\u00e9cialistes qui valident, non forc\u00e9ment les conclusions, mais \u00e0 tout le moins la rigueur (apparente) de la d\u00e9marche et du modus-operandi. Ces publications contribuent \u00e0 la circulation du savoir permettant \u00e0 d\u2019autres scientifiques de v\u00e9rifier les hypoth\u00e8ses, de reproduire l\u2019exp\u00e9rience, d\u2019en v\u00e9rifier les observations et d\u2019en confirmer ou invalider les conclusions. Les d\u00e9bats contradictoires sont consubstantiels \u00e0 la d\u00e9marche scientifique. Hors de ces publications, les ouvrages sont des travaux de vulgarisation \u00e0 vis\u00e9es p\u00e9dagogiques ou des essais pol\u00e9miques sans valeur scientifique particuli\u00e8re, je veux dire qu\u2019ils ne sont g\u00e9n\u00e9ralement pas reconnus comme des ouvrages de r\u00e9f\u00e9rence scientifique dans les domaines qu\u2019ils traitent. Il poss\u00e8dent \u00e9videmment leurs qualit\u00e9s propres \u2013 certains textes de vulgarisation par exemple sont remarquables et certains, par leurs audaces, fondent de nouvelles vues.<\/p>\n<p>Evidemment aucun des deux ouvrages publi\u00e9s, dont notamment celui sign\u00e9 Claude All\u00e8gre, n\u2019est pass\u00e9 \u2013 semble-t-il \u2013 par le filtre d\u2019un comit\u00e9 scientifique. Et quand bien m\u00eame ce serait le cas, qu\u2019il n\u2019y aurait aucun lieu \u00e0 pol\u00e9mique, d\u2019autres scientifiques pouvant dans la <em>normalit\u00e9<\/em> de la d\u00e9marche en contredire les conclusions voire les m\u00e9thodes. D\u00e8s lors faire appel \u00e0 \u00ab\u00a0<em>une autorit\u00e9 de tutelle<\/em> \u00bb pour trancher un d\u00e9bat scientifique nous ram\u00e8ne aux heures les plus sombres de l\u2019obscurantisme. Je ne suis pas assez fin \u00e9pist\u00e9mologiste pour me souvenir \u00e0 quand remonte le dernier appel \u00e0 un pouvoir \u2013 politique ou religieux &#8211; pour trancher un tel d\u00e9bat mais ce ne doit pas \u00eatre d\u2019hier. Et nous avons tous appris \u2013 Galil\u00e9e \u2013 les r\u00e9sultats d\u00e9sastreux qui peuvent d\u00e9couler d\u2019une telle d\u00e9marche. On m\u2019objectera qu\u2019il ne s\u2019agit pas \u00e0 proprement parler d\u2019un appel au pouvoir tel qu\u2019on le pratiquait au XVIIe si\u00e8cle. Certes non, il s\u2019agit juste de sa version moderne et technocratique c\u2019est \u00e0 dire proc\u00e9duri\u00e8re et, par l\u2019effet de masse, anonyme \u2013 kafka\u00efenne en somme.<\/p>\n<p>Heureusement, Val\u00e9rie P\u00e9cresse, ministre en charge, a rappel\u00e9 en substance qu\u2019un d\u00e9bat scientifique est du ressort des scientifiques. Ouf et bravo \u00e0 elle\u00a0! Mais qu\u2019aurait-il pu se passer si sa r\u00e9action avait \u00e9t\u00e9 contraire\u00a0? Si, soudainement inspir\u00e9e par en haut, elle avait per\u00e7u comme la vocation d\u2019\u00eatre l\u2019ultime arbitre des v\u00e9rit\u00e9s\u00a0? Aujourd\u2019hui le climat et demain\u00a0?<\/p>\n<p>Cette mont\u00e9e incroyable de ce qui me semble une forme perverse de l\u2019irrationnel \u2013 l\u2019appel aux \u00ab\u00a0autorit\u00e9s\u00a0\u00bb &#8211; au sein m\u00eame du temple de la rationalit\u00e9 la plus dure et parfois la plus obtuse \u2013 le CNRS \u2013 inqui\u00e8te et d\u00e9courage. Et je me refuse \u00e0 croire pourtant que quatre cents scientifiques aient pu sombrer d\u2019un coup dans ce qui semble une sorte de d\u00e9lire parano\u00efaque.<\/p>\n<p>La r\u00e9action me semble trahir l\u2019appr\u00e9hension d\u2019une communaut\u00e9\u00a0 &#8211; et l\u2019ambig\u00fcit\u00e9 de ce mot est particuli\u00e8rement bien venue dans ce cas \u2013 d\u00e9pass\u00e9e par le succ\u00e8s m\u00e9diatique d\u2019un ouvrage pol\u00e9miste dont elle craint qu\u2019il ne ruine aux yeux du public \u2013 c\u2019est \u00e0 dire des citoyens qui par leurs imp\u00f4ts et pour une part essentielle financent la recherche \u2013 le cr\u00e9dit de ses propres travaux. Ainsi, cette p\u00e9tition m\u2019appara\u00eet comme une sur-r\u00e9action par crainte de la variabilit\u00e9 incontr\u00f4lable de l\u2019opinion publique \u2013 d\u00e9j\u00e0 d\u00e9nonc\u00e9e par Platon dans la R\u00e9publique, opinion dont bien \u00e9videmment on soup\u00e7onne, <em>par le fait m\u00eame<\/em>, le proc\u00e8s d\u2019intention de sottise fait \u00e0 son \u00e9gard \u2013 et pour moi prendre <em>le peuple<\/em> pour un imb\u00e9cile est d\u00e9j\u00e0 inacceptable.<\/p>\n<p>Or, le sujet pour le citoyen n\u2019est absolument pas, n\u2019est absolument plus, d\u2019avoir la preuve scientifique du r\u00e9chauffement climatique \u2013 en l\u2019occurrence \u2013 mais de savoir agir pour assurer \u00e0 tous, la meilleure vie possible dans la Cit\u00e9 au sens grec du terme. Sauf \u00e0 sombrer dans un fanatisme sordide, qu\u2019il soit progressiste ou au contraire \u00ab\u00a0r\u00e9actionnaire\u00a0\u00bb, chacun se doute que son activit\u00e9 peut nuire aux autres, \u00e0 son environnement au sens large, humain et naturel. Il y donc du bon sens \u00e0 chercher \u00e0 limiter son impact environnemental \u00e0 tout point de vue pour s\u2019assurer un mieux vivre ensemble et ce n\u2019est ni Claude All\u00e8gre ni une p\u00e9tition hallucin\u00e9e assortie de d\u00e9bats de coll\u00e9giens \u2013 fussent de France &#8211; qui sont en mesure de changer cette conviction. Mais cette p\u00e9tition, par sa nature \u00ab\u00a0monstrueuse\u00a0\u00bb dans son contexte, a au moins une vertu essentielle\u00a0: elle rappelle que la science est un outil, un moyen, permettant d\u2019orienter rationnellement nos choix, pour assumer mieux notre coexistence pacifique avec les autres et avec tout ce qui nous entoure mais qu\u2019elle n\u2019est en aucun cas une fin et ne doit jamais l\u2019\u00eatre. \u00ab\u00a0<em>Science sans conscience n\u2019est que ruine de l\u2019\u00e2me<\/em> \u00bb \u00e9crivait d\u00e9j\u00e0 Rabelais.<\/p>\n<p>Alors le citoyen que je suis \u2013 et peut \u00eatre hyper-critique ou parano\u00efaque lui m\u00eame \u2013 s\u2019interroge\u00a0: \u00e0 qui profite le crime\u00a0?<\/p>\n<p>On voit bien que les textes des \u00ab\u00a0climato-sceptiques\u00a0\u00bb peuvent \u00eatre r\u00e9cup\u00e9r\u00e9s pour vanter les m\u00e9rites infinis du progr\u00e8s continu et de l\u2019\u00e9conomie-p\u00e9trole (vive Total)\u00a0; on per\u00e7oit que les travaux de leurs contradicteurs sont exploit\u00e9s pour cr\u00e9er un concept puis une \u00e9conomie du \u00ab\u00a0d\u00e9veloppement durable\u00a0\u00bb, d\u00e9bouchant, par exemple, sur la promotion du biocarburant dont des scientifiques tr\u00e8s s\u00e9rieux se demandent s\u2019il ne constitue pas globalement un rem\u00e8de pire que le mal en terme d\u2019impact citoyen \u2013 c\u2019est \u00e0 dire environnemental ET humain. On voit aussi que tout cela n\u2019a rien \u00e0 voir avec des \u00e9tudes de laboratoires ni avec la \u00ab\u00a0science dure\u00a0\u00bb, mais bien encore avec la vie dans la Cit\u00e9, c\u2019est \u00e0 dire avec la politique au sens fort, et au final avec l\u2019\u00e9ducation n\u00e9cessaire pour exercer en pleine conscience ce m\u00e9tier qui s\u2019ignore\u00a0: citoyen du monde, choisir, pour peser dans ce cas, me semble-t-il, sur les lobbies et leurs enjeux financiers qui s\u2019affrontent bien au del\u00e0 des d\u00e9bats de sp\u00e9cialistes. Et l\u2019on sait, que la terre soit ronde ou cubique, que des milliards d\u2019humains vivent dans des conditions intol\u00e9rables, que des enfants continuent d\u2019\u00eatre exploit\u00e9s dans des conditions effroyables et que la \u00ab\u00a0science\u00a0\u00bb en conscience devrait taire toute pol\u00e9mique devant cette mis\u00e8re l\u00e0 pour aider \u00e0 agir l\u00e0 et maintenant.<\/p>\n<p>Alors merci \u00e0 Claude All\u00e8gre d\u2019\u00e9crire un peu n\u2019importe quoi pour \u00e9viter que ne s\u2019instaure une v\u00e9rit\u00e9 r\u00e9v\u00e9l\u00e9e dont on n\u2019a que faire quelles que soient ses bonnes intentions\u00a0&#8211; l\u2019enfer n\u2019en est-il pas pav\u00e9\u00a0? Car il oblige d\u2019agir et de r\u00e9fl\u00e9chir en conscience ce que nos p\u00e9titionnaires du 1er avril auraient du m\u00e9diter. Merci aux scientifiques de poursuivre le formidable travail qui a permis de soulager la mis\u00e8re et de propager le savoir, mais honte \u00e0 eux pour leur d\u00e9bat d\u2019\u00e9cole maternelle consternant dont on se demande d&rsquo;autant plus si il ne proc\u00e8de pas des injonctions d&rsquo;apprentis sorciers sectaires, que la d\u00e9marche nuit \u00e0 leur cause plus que tout livre pol\u00e9mique. Enfin, on ne peut qu\u2019exhorter les politiques en place \u00e0 ne pas profiter de cette querelle d\u2019experts pour fuir leur responsabilit\u00e9\u00a0: car c\u2019est bien cette boite de Pandore l\u00e0 que cette pol\u00e9mique a ouverte et ce ne sont certainement pas des scientifiques fussent-ils g\u00e9niaux ou des pol\u00e9mistes de talents qui pourront la refermer, mais possiblement, les bulletins de vote, tant chacun peut v\u00e9rifier le manque \u00e9vident de sens de la mesure, de l\u2019effort, du sacrifice et du bien commun autant que l&rsquo;\u00e2pret\u00e9 aux gains qui h\u00e9las semblent en g\u00e9n\u00e9ral le lot des dirigeants et de bien des hommes, scientifiques compris.<\/p>\n","protected":false},"excerpt":{"rendered":"<p>Science sans conscience &#8230;<\/p>\n","protected":false},"author":2,"featured_media":0,"comment_status":"open","ping_status":"closed","sticky":false,"template":"","format":"standard","meta":{"ngg_post_thumbnail":0,"footnotes":""},"categories":[18,9,13],"tags":[],"_links":{"self":[{"href":"https:\/\/sntrvfl.org\/blogpat\/index.php?rest_route=\/wp\/v2\/posts\/259"}],"collection":[{"href":"https:\/\/sntrvfl.org\/blogpat\/index.php?rest_route=\/wp\/v2\/posts"}],"about":[{"href":"https:\/\/sntrvfl.org\/blogpat\/index.php?rest_route=\/wp\/v2\/types\/post"}],"author":[{"embeddable":true,"href":"https:\/\/sntrvfl.org\/blogpat\/index.php?rest_route=\/wp\/v2\/users\/2"}],"replies":[{"embeddable":true,"href":"https:\/\/sntrvfl.org\/blogpat\/index.php?rest_route=%2Fwp%2Fv2%2Fcomments&post=259"}],"version-history":[{"count":9,"href":"https:\/\/sntrvfl.org\/blogpat\/index.php?rest_route=\/wp\/v2\/posts\/259\/revisions"}],"predecessor-version":[{"id":268,"href":"https:\/\/sntrvfl.org\/blogpat\/index.php?rest_route=\/wp\/v2\/posts\/259\/revisions\/268"}],"wp:attachment":[{"href":"https:\/\/sntrvfl.org\/blogpat\/index.php?rest_route=%2Fwp%2Fv2%2Fmedia&parent=259"}],"wp:term":[{"taxonomy":"category","embeddable":true,"href":"https:\/\/sntrvfl.org\/blogpat\/index.php?rest_route=%2Fwp%2Fv2%2Fcategories&post=259"},{"taxonomy":"post_tag","embeddable":true,"href":"https:\/\/sntrvfl.org\/blogpat\/index.php?rest_route=%2Fwp%2Fv2%2Ftags&post=259"}],"curies":[{"name":"wp","href":"https:\/\/api.w.org\/{rel}","templated":true}]}}