{"id":313,"date":"2010-08-29T12:10:11","date_gmt":"2010-08-29T12:10:11","guid":{"rendered":"http:\/\/sntrvfl.homedns.org\/blogpat\/?p=313"},"modified":"2010-08-29T12:10:11","modified_gmt":"2010-08-29T12:10:11","slug":"nationalite","status":"publish","type":"post","link":"https:\/\/sntrvfl.org\/blogpat\/?p=313","title":{"rendered":"Nationalit\u00e9&#8230;"},"content":{"rendered":"<p>Comme je l&rsquo;ai d\u00e9j\u00e0 \u00e9crit, la vitesse et la r\u00e9flexion sont souvent peu compatibles : <em>vite et bien est l&rsquo;ouvrage de deux<\/em> avait l&rsquo;habitude de nous seriner mon institutrice de CM2 et je ne suis pas loin de lui donner raison, quitte, encore une fois, \u00e0 ne pas c\u00e9der aux penchants ordinaires du temps.<\/p>\n<p><!--more--><\/p>\n<p>Fin juillet, Grenoble, discours retentissant du chef de l&rsquo;Etat et retour de l&rsquo;id\u00e9e de \u00ab\u00a0privation de nationalit\u00e9 fran\u00e7aise\u00a0\u00bb pour les r\u00e9cents naturalis\u00e9s. Le discours est choc par ses formules et flou dans ses modalit\u00e9s.<\/p>\n<p>Presqu&rsquo;un mois et demi plus tard le flou se dissipe : 10 ans est le temps n\u00e9cessaire pour devenir un <em>vrai<\/em> fran\u00e7ais, selon les propositions de Brice Hortefeux. Cela \u00e9carte beaucoup de monde et j&rsquo;imagine que toute la haine anti-\u00e9tranger si commod\u00e9ment aviv\u00e9e par ces discours insens\u00e9s ne trouvera l\u00e0 gu\u00e8re mati\u00e8re \u00e0 s&rsquo;assouvir.<\/p>\n<p>Mais l\u00e0 n&rsquo;est pas le sujet.<\/p>\n<p>Le pr\u00e9ambule et l&rsquo;article 1 de la constitution sont clairs :<\/p>\n<blockquote><p><em>Le peuple fran\u00e7ais proclame solennellement son attachement aux Droits de l&rsquo;homme et aux principes de la souverainet\u00e9 nationale tels qu&rsquo;ils ont \u00e9t\u00e9 d\u00e9finis par la D\u00e9claration de 1789, confirm\u00e9e et compl\u00e9t\u00e9e par le pr\u00e9ambule de la Constitution de 1946, ainsi qu&rsquo;aux droits et devoirs d\u00e9finis dans la Charte de l&rsquo;environnement de 2004.<\/em><\/p>\n<p><em>En vertu de ces principes et de celui de la libre d\u00e9termination des peuples, la R\u00e9publique offre aux territoires d&rsquo;Outre-Mer qui manifestent la volont\u00e9 d&rsquo;y adh\u00e9rer des institutions nouvelles fond\u00e9es sur l&rsquo;id\u00e9al commun de libert\u00e9, d&rsquo;\u00e9galit\u00e9 et de fraternit\u00e9 et con\u00e7ues en vue de leur \u00e9volution d\u00e9mocratique.<\/em><\/p><\/blockquote>\n<blockquote><p><em>Art. 1. &#8211; La France est une R\u00e9publique indivisible, la\u00efque, d\u00e9mocratique et sociale. Elle assure l&rsquo;\u00e9galit\u00e9 devant la loi de tous les citoyens sans distinction d&rsquo;origine, de race ou de religion. Elle respecte toutes les croyances. Son organisation est d\u00e9centralis\u00e9e.<\/em><\/p><\/blockquote>\n<blockquote><p><em>La loi favorise l&rsquo;\u00e9gal acc\u00e8s des femmes et des hommes aux mandats \u00e9lectoraux et fonctions \u00e9lectives, ainsi qu&rsquo;aux responsabilit\u00e9s professionnelles et sociales.<\/em><\/p><\/blockquote>\n<p><em>Droits de l&rsquo;homme, \u00e9galit\u00e9 devant la loi de tous les citoyens<\/em> &#8230; Le pr\u00e9sident de la R\u00e9publique sait cela par c\u0153ur. Il sait que sauf aberration qui fera l&rsquo;objet imm\u00e9diatement d&rsquo;un recours aupr\u00e8s de l&rsquo;union Europ\u00e9enne et de la cour Internationale, les propositions sont inapplicables en droit et de fait. Le bon sens suffit d&rsquo;ailleurs \u00e0 l&rsquo;affirmer qui dicte qu&rsquo;un individus doit \u00eatre jug\u00e9 en fonction des actes commis, de leur gravit\u00e9 et de leur fr\u00e9quence et non de l&rsquo;anciennet\u00e9 arbitrairement fix\u00e9e\u00a0de\u00a0sa francit\u00e9.<\/p>\n<p>Ainsi, cet objet d\u00e9lirant r\u00e9v\u00e8le-t-il sa vraie nature : une diversion politicienne.<\/p>\n<p>Mon point de vue est clair : path\u00e9tique, indigne et dangereux<\/p>\n","protected":false},"excerpt":{"rendered":"<p>Je n&rsquo;ai pas les mots pour le dire&#8230;<\/p>\n","protected":false},"author":2,"featured_media":0,"comment_status":"open","ping_status":"closed","sticky":false,"template":"","format":"standard","meta":{"ngg_post_thumbnail":0,"footnotes":""},"categories":[18,9],"tags":[],"_links":{"self":[{"href":"https:\/\/sntrvfl.org\/blogpat\/index.php?rest_route=\/wp\/v2\/posts\/313"}],"collection":[{"href":"https:\/\/sntrvfl.org\/blogpat\/index.php?rest_route=\/wp\/v2\/posts"}],"about":[{"href":"https:\/\/sntrvfl.org\/blogpat\/index.php?rest_route=\/wp\/v2\/types\/post"}],"author":[{"embeddable":true,"href":"https:\/\/sntrvfl.org\/blogpat\/index.php?rest_route=\/wp\/v2\/users\/2"}],"replies":[{"embeddable":true,"href":"https:\/\/sntrvfl.org\/blogpat\/index.php?rest_route=%2Fwp%2Fv2%2Fcomments&post=313"}],"version-history":[{"count":4,"href":"https:\/\/sntrvfl.org\/blogpat\/index.php?rest_route=\/wp\/v2\/posts\/313\/revisions"}],"predecessor-version":[{"id":317,"href":"https:\/\/sntrvfl.org\/blogpat\/index.php?rest_route=\/wp\/v2\/posts\/313\/revisions\/317"}],"wp:attachment":[{"href":"https:\/\/sntrvfl.org\/blogpat\/index.php?rest_route=%2Fwp%2Fv2%2Fmedia&parent=313"}],"wp:term":[{"taxonomy":"category","embeddable":true,"href":"https:\/\/sntrvfl.org\/blogpat\/index.php?rest_route=%2Fwp%2Fv2%2Fcategories&post=313"},{"taxonomy":"post_tag","embeddable":true,"href":"https:\/\/sntrvfl.org\/blogpat\/index.php?rest_route=%2Fwp%2Fv2%2Ftags&post=313"}],"curies":[{"name":"wp","href":"https:\/\/api.w.org\/{rel}","templated":true}]}}