{"id":320,"date":"2010-09-06T21:30:50","date_gmt":"2010-09-06T21:30:50","guid":{"rendered":"http:\/\/sntrvfl.homedns.org\/blogpat\/?p=320"},"modified":"2011-07-18T21:35:39","modified_gmt":"2011-07-18T21:35:39","slug":"laccroche-a-propos-dun-tombeau-royal","status":"publish","type":"post","link":"https:\/\/sntrvfl.org\/blogpat\/?p=320","title":{"rendered":"\u00ab\u00a0L&rsquo;accroche\u00a0\u00bb : \u00e0 propos d&rsquo;un tombeau royal"},"content":{"rendered":"<p>Il n\u2019y a pas si longtemps, j\u2019ai pass\u00e9 quelques jours \u00e0 Lisbonne, que j\u2019ai d\u00e9couvert pour l\u2019occasion. Comme tous les touristes avides et curieux, j\u2019ai visit\u00e9 les places, les lieux et les sites connus, les endroits fr\u00e9quent\u00e9s par Pessoa, sa maison aujourd\u2019hui convertie en mus\u00e9e.<\/p>\n<p><!--more-->Et je suis all\u00e9 au mus\u00e9e arch\u00e9ologique des Carmes. Empilement de fragments historiques et de vestiges arch\u00e9ologiques dont aucun n\u2019a vocation, par nature, \u00e0 susciter l\u2019\u00e9moi artistique.<\/p>\n<p>Pourtant dans ce qui reste du ch\u0153ur de l\u2019ancienne abbatiale, une tombe, ou plut\u00f4t un tombeau, a attir\u00e9 mon attention. Il s\u2019agit d\u2019un sarcophage sculpt\u00e9 dans un style gothique d\u00e9j\u00e0 avanc\u00e9 et reconnaissable, impr\u00e9gn\u00e9 de cet esprit de cour que l\u2019on rencontre dans toute l\u2019Europe \u00e0 partir du milieu du XIVe si\u00e8cle. La sculpture est \u00e9l\u00e9gante et raffin\u00e9e. La pierre profond\u00e9ment incis\u00e9e. Le style est graphique qui met en valeur la richesse h\u00e9raldique des \u00e9cus nombreux qui se partagent la surface. On devine qu\u2019il s\u2019agit de la s\u00e9pulture d\u2019un riche et puissant seigneur. Le regard se perd dans les d\u00e9tails des animaux monstrueux qui jouent comme en marge, fr\u00e8res sculpt\u00e9s des grotesques des manuscrits enlumin\u00e9s. La pr\u00e9cision du ciseau \u00e9tonne qui mod\u00e8le bustes et visages et cis\u00e8le une longue inscription qui me reste \u00e9trang\u00e8re. Le bas relief d\u2019un flanc rappelle des images connues: le s\u00e9raphin, le personnage stigmatis\u00e9 impose \u00e0 la m\u00e9moire l&rsquo;iconographie franciscaine immortalis\u00e9e par Giotto. L\u2019\u0153uvre fascine et impressionne dont pourtant mes guides fran\u00e7ais ne font aucune mention.<\/p>\n<p>A la lecture du cartel et bient\u00f4t d\u2019un livre entier consacr\u00e9 \u00e0 l\u2019ouvrage, j\u2019apprends qu\u2019il s\u2019agit du tombeau d\u00e9plac\u00e9 du roi D. Fernando I. Un tombeau royal\u00a0r\u00e9cemment restaur\u00e9; une origine prestigieuse qui par del\u00e0 les si\u00e8cles et les vicissitudes de l\u2019histoire lui conserve cette sorte d\u2019aura qu\u2019on les objets et les \u0153uvres exceptionnels. On comprend alors qu\u2019au del\u00e0 du savoir faire, sont les sens cach\u00e9s de l\u2019\u0153uvre\u00a0; le m\u00e9lange d\u2019une h\u00e9raldique complexe et d\u2019une symbolique religieuse dont la finalit\u00e9 est politique, sans doute, dans le contexte de l\u2019\u00e9poque. L\u2019h\u00e9raldique m\u2019est inconnue\u00a0; j\u2019ignore les d\u00e9tails de l\u2019histoire du Portugal et pourtant, d\u00e9plac\u00e9 et meurtri, ce tombeau royal m\u2019a fascin\u00e9.<\/p>\n<div id=\"attachment_321\" style=\"width: 501px\" class=\"wp-caption aligncenter\"><a href=\"http:\/\/sntrvfl.org\/blogpat\/?attachment_id=321\" rel=\"attachment wp-att-321\"><img loading=\"lazy\" decoding=\"async\" aria-describedby=\"caption-attachment-321\" class=\"size-full wp-image-321  \" title=\"Lisbonne - Tombeau du roi D Fernando I\" src=\"http:\/\/sntrvfl.org\/blogpat\/wp-content\/uploads\/2010\/09\/Lisbonne-Belem-mars-2010-193.jpg\" alt=\"\" width=\"491\" height=\"369\" srcset=\"https:\/\/sntrvfl.org\/blogpat\/wp-content\/uploads\/2010\/09\/Lisbonne-Belem-mars-2010-193.jpg 1024w, https:\/\/sntrvfl.org\/blogpat\/wp-content\/uploads\/2010\/09\/Lisbonne-Belem-mars-2010-193-300x225.jpg 300w\" sizes=\"(max-width: 491px) 100vw, 491px\" \/><\/a><p id=\"caption-attachment-321\" class=\"wp-caption-text\">Lisbonne - Tombeau du roi D Fernando I ca 1380-1383 (photo de l&#39;auteur)<\/p><\/div>\n<p>Ce souvenir se dissipant, je m\u2019interroge sur \u00ab\u00a0l\u2019accroche\u00a0\u00bb qui dans cinq si\u00e8cles, suscitera l\u2019attention et l\u2019int\u00e9r\u00eat des spectateurs de demain pour certaines oeuvres d&rsquo;aujourd&rsquo;hui: la prouesse technique\u00a0? les dimensions ? le luxe des mat\u00e9riaux, bref la surface des choses\u00a0? La pens\u00e9e qu\u2019on y mit et la coh\u00e9rence de l\u2019univers que construit l\u2019\u0153uvre d\u2019elle m\u00eame, loin de son cr\u00e9ateur, dans le temps comme dans l\u2019espace\u00a0?<\/p>\n<p>Tout cela sans doute mais qui rappelle qu\u2019au travers des \u00e2ges se sont toujours les forces de l\u2019esprit qui \u00e9veillent l\u2019esprit. Une le\u00e7on \u00e0 m\u00e9diter peut-\u00eatre pour ceux dont la pens\u00e9e se mesure \u00e0 l\u2019aune de leurs gains.<\/p>\n","protected":false},"excerpt":{"rendered":"<p>Il n\u2019y a pas si longtemps, j\u2019ai pass\u00e9 quelques jours \u00e0 Lisbonne, que j\u2019ai d\u00e9couvert pour l\u2019occasion. Comme tous les touristes avides et curieux, j\u2019ai visit\u00e9 les places, les lieux et les sites connus, les endroits fr\u00e9quent\u00e9s par Pessoa, sa maison aujourd\u2019hui convertie en mus\u00e9e.<\/p>\n","protected":false},"author":2,"featured_media":0,"comment_status":"open","ping_status":"closed","sticky":false,"template":"","format":"standard","meta":{"ngg_post_thumbnail":0,"footnotes":""},"categories":[3,8,12],"tags":[],"_links":{"self":[{"href":"https:\/\/sntrvfl.org\/blogpat\/index.php?rest_route=\/wp\/v2\/posts\/320"}],"collection":[{"href":"https:\/\/sntrvfl.org\/blogpat\/index.php?rest_route=\/wp\/v2\/posts"}],"about":[{"href":"https:\/\/sntrvfl.org\/blogpat\/index.php?rest_route=\/wp\/v2\/types\/post"}],"author":[{"embeddable":true,"href":"https:\/\/sntrvfl.org\/blogpat\/index.php?rest_route=\/wp\/v2\/users\/2"}],"replies":[{"embeddable":true,"href":"https:\/\/sntrvfl.org\/blogpat\/index.php?rest_route=%2Fwp%2Fv2%2Fcomments&post=320"}],"version-history":[{"count":13,"href":"https:\/\/sntrvfl.org\/blogpat\/index.php?rest_route=\/wp\/v2\/posts\/320\/revisions"}],"predecessor-version":[{"id":324,"href":"https:\/\/sntrvfl.org\/blogpat\/index.php?rest_route=\/wp\/v2\/posts\/320\/revisions\/324"}],"wp:attachment":[{"href":"https:\/\/sntrvfl.org\/blogpat\/index.php?rest_route=%2Fwp%2Fv2%2Fmedia&parent=320"}],"wp:term":[{"taxonomy":"category","embeddable":true,"href":"https:\/\/sntrvfl.org\/blogpat\/index.php?rest_route=%2Fwp%2Fv2%2Fcategories&post=320"},{"taxonomy":"post_tag","embeddable":true,"href":"https:\/\/sntrvfl.org\/blogpat\/index.php?rest_route=%2Fwp%2Fv2%2Ftags&post=320"}],"curies":[{"name":"wp","href":"https:\/\/api.w.org\/{rel}","templated":true}]}}