{"id":371,"date":"2010-12-07T23:54:42","date_gmt":"2010-12-07T23:54:42","guid":{"rendered":"http:\/\/sntrvfl.homedns.org\/blogpat\/?p=371"},"modified":"2016-10-02T14:29:14","modified_gmt":"2016-10-02T12:29:14","slug":"murakami-a-versailles-fleuri","status":"publish","type":"post","link":"https:\/\/sntrvfl.org\/blogpat\/?p=371","title":{"rendered":"Murakami \u00e0 Versailles : fleuri"},"content":{"rendered":"<p>L\u2019exposition Murakami \u00e0 Versailles a \u00e9t\u00e9 pr\u00e9c\u00e9d\u00e9e de longue date d\u2019une r\u00e9putation que l\u2019on pourrait qualifier d\u2019ambigu\u00eb.<!--more--><\/p>\n<p>Cela a commenc\u00e9 par les cris d\u2019orfraie des tenants d\u2019un Versailles royal qui ne voient le domaine qu\u2019hant\u00e9 par les fant\u00f4mes de Marie-Antoinette ou du Grand Roi, pr\u00e9f\u00e9rant la lourde et tr\u00e8s discutable restitution de la grille royale \u00e0 toute initiative plus originale et stimulante. Laissons les \u00e0 leur ranc\u0153ur.<\/p>\n<p>Puis les critiques d\u2019un certain milieu de l\u2019art \u00e9tonn\u00e9 que monsieur Aillagon multiplie \u00e0 ce point les emprunts aux artistes de la galerie Perrotin et collectionn\u00e9s par F Pinault\u2026 les mauvaises langues, non sans quelques arguments bien sentis, ont pu distiller leur venin sur les int\u00e9r\u00eats obscurs de l\u2019ex-ministre anciennement conseill\u00e9 aupr\u00e8s des collections du milliardaire\u2026 on est loin toutefois de l\u2019art et bien proche du mercantilisme le plus d\u00e9brid\u00e9, disant assez les pr\u00e9occupations qui parfois agitent ce milieu l\u00e0. Laissons le \u00e0 sa cupidit\u00e9 ou \u00e0 sa na\u00efvet\u00e9, selon le regard indulgent auquel on consentira.<\/p>\n<p>Cela se poursuit, plus grave encore, par les interviews laborieuses \u2013 au mieux \u2013 path\u00e9tiques \u2013 au pire \u2013 de l\u2019artiste lui m\u00eame qui semble d\u00e9cid\u00e9ment accr\u00e9diter l\u2019id\u00e9e qu\u2019il n\u2019est qu\u2019un homme d\u2019affaires avis\u00e9 soucieux d\u2019engranger de juteux dividendes. Mais il est vrai, \u00e0 sa d\u00e9charge, qu\u2019il n\u2019est pas le seul artiste vivant peu dou\u00e9 pour donner sens par des mots \u00e0 sa d\u00e9marche. Laissons le \u00e0 ses maladresses.<\/p>\n<p>Car que voit-on \u00e0 Versailles\u00a0? Des figures bien sympathiques \u00e0 l\u2019ex\u00e9cution techniquement parfaites et qui se r\u00e9f\u00e8rent \u00e0 l\u2019univers d\u00e9sormais visuellement assimil\u00e9 des mangas. Des figures fort innocentes, la plus provoquante \u00e9tant cette bimbo \u00e0 l\u2019air de Arielle Dombasle japonisante qui semble un peu perdue, noy\u00e9e sous les fastes du salon de la guerre. Pour ceux qui connaissent l\u2019artiste et ces audaces \u2013 fa\u00e7on de parler \u2013 \u00e0 tendances dites \u00ab\u00a0pornographiques\u00a0\u00bb genre\u00a0 <em>My Lonesome CowBoy<\/em> des collections Pinault, tout ce qui est pr\u00e9sent\u00e9 \u00e0 Versailles semble bien sage et consensuel. Le public sourit en effet, s\u2019amuse devant cet univers color\u00e9, ces fleurs qui sourient, ce tapis et cette peinture de \u00ab\u00a0mille fleurs\u00a0\u00bb de la salle des gardes du roi, seule \u0153uvre qui occulte le d\u00e9cor et prend ainsi une certaine pr\u00e9sence &#8211;\u00a0<em>Kawaii &#8211; Vacances et Sans titre<\/em>.\u00a0On rirait presque devant l\u2019autoportrait en empereur qui semble singer, l\u2019autre, celui de David, se sacrant lui m\u00eame. On est en droit de penser que la figurine de Murakami n\u2019est pas moins ridicule que la figure mythiquement embaum\u00e9e qu\u2019elle semble singer.<\/p>\n<p>Car l\u2019int\u00e9r\u00eat \u2013 tr\u00e8s relatif &#8211; de l\u2019exposition est l\u00e0, de r\u00e9v\u00e9ler ce qu\u2019a pu avoir d\u2019un peu excessif parfois le Versailles royal et de ridicule tout ce qui a pu tenter de l\u2019imiter une fois pass\u00e9e sa raison d\u2019\u00eatre.<\/p>\n<p>Certes un malaise s\u2019installe devant ces sourires top fig\u00e9s et les dents ac\u00e9r\u00e9es\u00a0 de <em>Oval Buddha<\/em>. Mais ce malaise est bien l\u00e9ger et vite dissip\u00e9. Ce qui pr\u00e9domine est un parfum d\u2019insignifiance joyeuse\u00a0; le sentiment que tout cela est aussi futile et d\u00e9cal\u00e9 que les converses dans le <em>Marie-Antoinette<\/em> de Sofia Copolla, sans sa force\u00a0; aussi color\u00e9 que les macarons et p\u00e2tisseries dont elle se goinfre dans une sc\u00e8ne m\u00e9morable o\u00f9 le rose et le vert fluo envahissent l\u2019\u00e9cran. On goute Murakami \u00e0 Versailles l\u2019esprit aussi languide que la reine de cin\u00e9ma \u00e0 ce moment l\u00e0\u2026 sans conna\u00eetre la suite.<\/p>\n<p>On passera donc. Murakami ne m\u00e9rite ni opprobre ni compliment. Son art plait comme un parfum de Chanel\u00a0: sophistiqu\u00e9 et dispensable.<\/p>\n<p>Reste que la formule \u00ab\u00a0art contemporain\u00a0\u00bb \u00e0 Versailles est d\u00e9j\u00e0 \u00e9puis\u00e9e. Que le lieu r\u00e9siste et s\u2019impose\u00a0; Que Laurent Le Bon et JJ Aillagon se r\u00e9p\u00e8tent, copiant leurs commentaires d\u2019une ann\u00e9e l\u2019autre\u2026 encensant n\u2019importe qui des m\u00eames mots, peu importe l\u2019artiste, puisqu\u2019il s\u2019agit des meilleurs (sic). Tout cela est un peu court \u00e0 Versailles et impossible de ne pas penser \u00e0 la sc\u00e8ne fameuse de <em>Ridicule<\/em> de Lecomte quand l\u2019abb\u00e9 jou\u00e9 par Giraudeau d\u00e9montre l\u2019existence de Dieu devant le roi et, histrion inconscient, conclut en substance qu\u2019il remet au lendemain la d\u00e9monstration inverse, ce qui signe sa disgr\u00e2ce.<\/p>\n<p>Abyssal.<\/p>\n","protected":false},"excerpt":{"rendered":"<p>L\u2019exposition Murakami \u00e0 Versailles a \u00e9t\u00e9 pr\u00e9c\u00e9d\u00e9e de longue date d\u2019une r\u00e9putation que l\u2019on pourrait qualifier d\u2019ambigu\u00eb.<\/p>\n","protected":false},"author":2,"featured_media":0,"comment_status":"open","ping_status":"closed","sticky":false,"template":"","format":"standard","meta":{"ngg_post_thumbnail":0,"footnotes":""},"categories":[3,6],"tags":[],"_links":{"self":[{"href":"https:\/\/sntrvfl.org\/blogpat\/index.php?rest_route=\/wp\/v2\/posts\/371"}],"collection":[{"href":"https:\/\/sntrvfl.org\/blogpat\/index.php?rest_route=\/wp\/v2\/posts"}],"about":[{"href":"https:\/\/sntrvfl.org\/blogpat\/index.php?rest_route=\/wp\/v2\/types\/post"}],"author":[{"embeddable":true,"href":"https:\/\/sntrvfl.org\/blogpat\/index.php?rest_route=\/wp\/v2\/users\/2"}],"replies":[{"embeddable":true,"href":"https:\/\/sntrvfl.org\/blogpat\/index.php?rest_route=%2Fwp%2Fv2%2Fcomments&post=371"}],"version-history":[{"count":8,"href":"https:\/\/sntrvfl.org\/blogpat\/index.php?rest_route=\/wp\/v2\/posts\/371\/revisions"}],"predecessor-version":[{"id":748,"href":"https:\/\/sntrvfl.org\/blogpat\/index.php?rest_route=\/wp\/v2\/posts\/371\/revisions\/748"}],"wp:attachment":[{"href":"https:\/\/sntrvfl.org\/blogpat\/index.php?rest_route=%2Fwp%2Fv2%2Fmedia&parent=371"}],"wp:term":[{"taxonomy":"category","embeddable":true,"href":"https:\/\/sntrvfl.org\/blogpat\/index.php?rest_route=%2Fwp%2Fv2%2Fcategories&post=371"},{"taxonomy":"post_tag","embeddable":true,"href":"https:\/\/sntrvfl.org\/blogpat\/index.php?rest_route=%2Fwp%2Fv2%2Ftags&post=371"}],"curies":[{"name":"wp","href":"https:\/\/api.w.org\/{rel}","templated":true}]}}