{"id":408,"date":"2011-02-05T20:44:02","date_gmt":"2011-02-05T20:44:02","guid":{"rendered":"http:\/\/sntrvfl.homedns.org\/blogpat\/?p=408"},"modified":"2011-06-27T12:14:03","modified_gmt":"2011-06-27T12:14:03","slug":"presse-presse-citron-presse-apple","status":"publish","type":"post","link":"https:\/\/sntrvfl.org\/blogpat\/?p=408","title":{"rendered":"Presse, presse citron, presse Apple"},"content":{"rendered":"<p>On se souvient que voil\u00e0 un an, les \u00e9diteurs de presse se f\u00e9licitaient de la sortie de l\u2019iPad, per\u00e7u comme leur sauveur potentiel. Ils se trouvent aujourd\u2019hui bien marris de ne pas en avoir autant profit\u00e9 qu\u2019ils l\u2019imaginaient \u2013 mais les applications d\u00e9di\u00e9es sont objectivement la plupart du temps m\u00e9diocres et s\u2019am\u00e9liorent seulement maintenant \u2013 et se scandalisent qu\u2019Apple sonne le rappel des conditions de ventes aux quelles tous les autres se sont pli\u00e9s sans s\u2019en plaindre forc\u00e9ment. Certes, 30% de dime sur les ventes, c\u2019est beaucoup si l\u2019on vend peu et peu si l\u2019on sait rebondir en profitant de la plateforme \u2013 comme le <em>Financial Times<\/em> par exemple.<!--more--><\/p>\n<p>Comme l\u2019industrie du disque qui apr\u00e8s avoir engrang\u00e9 des dividendes record jusqu\u2019au d\u00e9but des ann\u00e9es 2000, parfois en vendant n\u2019importe quoi, les \u00e9diteurs de presse sont aujourd\u2019hui devant une profonde transformation de la diffusion de l\u2019information et semblent incapable de r\u00e9agir reproduisant exactement les sch\u00e9mas pass\u00e9s \u2013 d\u00e9j\u00e0 \u00e0 l\u2019\u00e9poque du magn\u00e9toscope\u00a0: replis sur soi, critique des nouveaux supports, incapacit\u00e9 \u00e0 innover, m\u00e9diocrit\u00e9 des contenus, r\u00e9pression en d\u00e9calage et d\u2019autant plus impuissante qu\u2019elle est techniquement d\u00e9pass\u00e9e au moment m\u00eame o\u00f9 elle devient applicable\u2026 bref tout l\u2019arsenal classique de ceux qui ont peur et se prot\u00e8gent. Pourtant, la meilleure d\u00e9fense en l\u2019occurrence serait l\u2019attaque et l\u2019anticipation, l\u2019innovation et l\u2019intelligence. Le repli n\u2019aboutira qu\u2019\u00e0 l\u2019\u00e9tiolement et finalement la mort.<\/p>\n<p>Il est des moments d\u2019ailleurs o\u00f9 je me surprends \u00e0 ne m\u00eame plus pouvoir \u00e9prouver de compassion de ces disparitions annonc\u00e9es de la presse papier. Que dire par exemple de cette d\u00e9p\u00eache, notamment relay\u00e9e par Le Figaro du 4 f\u00e9vrier qui fait \u00e9tat d\u2019un taux d\u2019\u00e9quipement en t\u00e9l\u00e9phonie mobile en France de 99,7%. Mais qu\u2019est-ce \u00e0 dire\u00a0? Que 997 fran\u00e7ais sur 1000 ont un t\u00e9l\u00e9phone mobile\u00a0? Evidemment non et ce chiffre ne veut rien dire\u00a0; il n\u2019est qu\u2019un ratio du nombre de lignes t\u00e9l\u00e9phonique mobiles actives en France \u2013 incluant les forfaits pr\u00e9pay\u00e9s et bloqu\u00e9s, bref un nombre de cartes Sim actives &#8211;\u00a0 ramen\u00e9 au nombre d\u2019habitants de ce pays, du b\u00e9b\u00e9 au biberon, au vieillard agonisant. Le Figaro souligne d\u2019ailleurs qu\u2019en Ile de France, ce ratio atteint 147%\u00a0! Chez les cartes Sim, le taux de p\u00e9n\u00e9tration des usag\u00e9s n\u2019est donc que de 68% ! Plut\u00f4t que de citer b\u00e9atement des chiffres officiels dont le journaliste lui m\u00eame a entrevu l\u2019absurdit\u00e9, une br\u00e8ve enqu\u00eate critique aurait \u00e9t\u00e9 la bienvenue. Je suis sans doute injuste \u2026<\/p>\n<p>De m\u00eame, quand Eric Besson, selon Le Monde du 3 f\u00e9vrier, fixe des objectifs chiffr\u00e9s de d\u00e9ploiement de la fibre optique\u00a0: j\u2019ignorais que l\u2019Etat puisse fixer efficacement des objectifs \u00e0 des entreprises priv\u00e9es quand bien m\u00eame auraient-elles plus ou moins des obligations de service public, \u00a0d\u00e9tail qui semble avoir un peu \u00e9chapp\u00e9 aux commentateurs b\u00e9ats du journal comme de l\u2019AFP, cette derni\u00e8re n\u2019ayant pas vocation a commenter, certes, ce qui est moins vrai du journal.<\/p>\n<p>De la plus insignifiante \u00e0 la plus grave, l\u2019information ne vaut vraiment que si elle est multiple, s\u00e9rieuse, document\u00e9e, interpr\u00e9t\u00e9e et mise en perspective \u2013 et je crois que je me r\u00e9p\u00e8te. Ou alors, chacun devient son journaliste et, que les proc\u00e9d\u00e9s employ\u00e9s soient ou non \u00ab\u00a0\u00e9tiques\u00a0\u00bb, il y aurait \u00a0plus \u00e0 apprendre des t\u00e9moignages directs de ses amis r\u00e9volt\u00e9s sur Facebook, des fuites de Wikileaks et des blogs en tout genre, que des articles muris. Les r\u00e9voltes en cours deviendraient des r\u00e9volutions plus via le net de Zuckerberg que par l\u2019investigation, \u00e9crite ou t\u00e9l\u00e9visuelle&#8230;<\/p>\n<p>Pliez les mouchoirs et cessez de geindre\u00a0: il est grand temps de se secouer les plumes\u00a0et de se mettre au clavier ou \u00e0 l\u2019\u00e9cran !<\/p>\n<p>Il est grand temps aussi de rappeler au nom de quoi on affiche ses convictions, on affirme des opinions\u00a0; au nom de quoi on parle non de r\u00e9volte mais de r\u00e9volution quand moins d\u2019Egyptiens est dans la rue que de fran\u00e7ais cet automne. Et le gouvernement fran\u00e7ais n\u2019a pas d\u00e9missionn\u00e9. Si c\u2019est de d\u00e9mocratie \u2013 parlementaire \u00e0 l\u2019occidentale &#8211; qu\u2019il s\u2019agit, alors concentrons nos forces contre les coups de boutoir ass\u00e9n\u00e9s \u00e0 la s\u00e9paration des pouvoirs, ici m\u00eame, dans cette d\u00e9finitivement ridicule et insupportable litanie des attaques contre la justice et souvenons nous qu\u2019effectivement dix mille, cent mille, un millions de personnes d\u00e9filant dans les rues ne constituent pas une majorit\u00e9.<\/p>\n<p>Tout cela interroge la l\u00e9gitim\u00e9 des pouvoirs constitu\u00e9s, l\u00e9gitimit\u00e9 dont Sarkozy pourrait bien \u00eatre ici le pire fossoyeur\u00a0: serait-il anarchiste, ce qui le rendrait enfin sympathique \u00e0 mes yeux\u00a0? C\u2019est pr\u00e9cis\u00e9ment quand les ressorts se brisent dont les pouvoirs tirent leur n\u00e9cessaire l\u00e9gitimit\u00e9 et que d\u2019autres se mettent en place que l\u2019on parle de r\u00e9volution. C\u2019est sans doute le cas en Tunisie, dont le r\u00e9gime n\u2019incarnait plus rien, certainement pas \u2013 encore \u2013 en Egypte. Et si les ressorts qui maintiennent Moubarak au pouvoir venaient \u00e0 \u00eatre remplac\u00e9s par ceux d\u2019une th\u00e9ocratie \u00e0 l\u2019Iranienne, esp\u00e9rons que les d\u00e9mocraties occidentales et tous les journalistes qui se disent en porter les valeurs se souviendront de ce pourquoi ils avaient voulus que l\u2019Egypte f\u00fbt en r\u00e9volution. Ce n\u2019est pas aussi simple direz-vous. Soit, en effet. Lisez les unes alors\u00a0! A force de racolage stupide tout est retranscrit sur un ton <em>aussi simple que cela<\/em>. Il faut vendre, n\u2019est-ce pas, et voil\u00e0 bien le moyen choisi\u00a0!<\/p>\n<p>Ce qui me ram\u00e8ne aux d\u00e9sarrois de certains \u00e9diteurs de presse\u00a0: faites bien votre m\u00e9tier d\u2019information et d\u2019investigation et personnellement comme beaucoup d\u2019autres, j\u2019en paierai le prix juste avec ou sans Apple. La n\u00e9gative est \u00e9videmment vraie et c\u2019est, comme on le voit, le c\u0153ur du probl\u00e8me. Il est des jours o\u00f9 je n\u2019ach\u00e8te pas de journal pr\u00e9cis\u00e9ment pace que les unes sont tellement \u00ab\u00a0<em>aussi simples que cela <\/em>\u00bb, que je ne vois pas comment le contenu pourrait se d\u00e9fendre\u2026 et il faut effectivement bien inventer un autre mod\u00e8le \u00e9conomique pour la presse d\u2019information.<\/p>\n","protected":false},"excerpt":{"rendered":"<p>On se souvient que voil\u00e0 un an, les \u00e9diteurs de presse se f\u00e9licitaient de la sortie de l\u2019iPad, per\u00e7u comme leur sauveur potentiel. Ils se trouvent aujourd\u2019hui bien marris de ne pas en avoir autant profit\u00e9 qu\u2019ils l\u2019imaginaient \u2013 mais les applications d\u00e9di\u00e9es sont objectivement la plupart du temps m\u00e9diocres et s\u2019am\u00e9liorent seulement maintenant \u2013 [&hellip;]<\/p>\n","protected":false},"author":2,"featured_media":0,"comment_status":"open","ping_status":"closed","sticky":false,"template":"","format":"standard","meta":{"ngg_post_thumbnail":0,"footnotes":""},"categories":[18,9,11,13],"tags":[],"_links":{"self":[{"href":"https:\/\/sntrvfl.org\/blogpat\/index.php?rest_route=\/wp\/v2\/posts\/408"}],"collection":[{"href":"https:\/\/sntrvfl.org\/blogpat\/index.php?rest_route=\/wp\/v2\/posts"}],"about":[{"href":"https:\/\/sntrvfl.org\/blogpat\/index.php?rest_route=\/wp\/v2\/types\/post"}],"author":[{"embeddable":true,"href":"https:\/\/sntrvfl.org\/blogpat\/index.php?rest_route=\/wp\/v2\/users\/2"}],"replies":[{"embeddable":true,"href":"https:\/\/sntrvfl.org\/blogpat\/index.php?rest_route=%2Fwp%2Fv2%2Fcomments&post=408"}],"version-history":[{"count":7,"href":"https:\/\/sntrvfl.org\/blogpat\/index.php?rest_route=\/wp\/v2\/posts\/408\/revisions"}],"predecessor-version":[{"id":465,"href":"https:\/\/sntrvfl.org\/blogpat\/index.php?rest_route=\/wp\/v2\/posts\/408\/revisions\/465"}],"wp:attachment":[{"href":"https:\/\/sntrvfl.org\/blogpat\/index.php?rest_route=%2Fwp%2Fv2%2Fmedia&parent=408"}],"wp:term":[{"taxonomy":"category","embeddable":true,"href":"https:\/\/sntrvfl.org\/blogpat\/index.php?rest_route=%2Fwp%2Fv2%2Fcategories&post=408"},{"taxonomy":"post_tag","embeddable":true,"href":"https:\/\/sntrvfl.org\/blogpat\/index.php?rest_route=%2Fwp%2Fv2%2Ftags&post=408"}],"curies":[{"name":"wp","href":"https:\/\/api.w.org\/{rel}","templated":true}]}}