{"id":438,"date":"2011-04-17T12:02:54","date_gmt":"2011-04-17T12:02:54","guid":{"rendered":"http:\/\/sntrvfl.homedns.org\/blogpat\/?p=438"},"modified":"2012-02-07T18:11:36","modified_gmt":"2012-02-07T17:11:36","slug":"general-idea-oeuvre-majeur","status":"publish","type":"post","link":"https:\/\/sntrvfl.org\/blogpat\/?p=438","title":{"rendered":"General Idea : oeuvre majeur"},"content":{"rendered":"<p style=\"text-align: center;\">Le mus\u00e9e d\u2019art moderne de la ville de Paris consacre jusqu\u2019au 30 avril 2011 une premi\u00e8re r\u00e9trospective au collectif d\u2019artistes General Idea.<!--more--><\/p>\n<p>Leur oeuvre est universellement connue, sans que leur nom soit m\u00eame \u00e9voqu\u00e9, par la campagne contre le SIDA reproduisant un tableau de Robert Indiana (<em>Love<\/em> 1964) en substituant aux quatre lettres originelles, celles de la maladie\u00a0: AIDS. Cette campagne, n\u00e9e \u00e0 New York en 1987 alors que le pr\u00e9sident des Etats Unis, Ronald Reagan n\u2019avait toujours pas prononc\u00e9 le mot AIDS, a, depuis, fait le tour du monde.<\/p>\n<div id=\"attachment_439\" style=\"width: 360px\" class=\"wp-caption aligncenter\"><a href=\"http:\/\/sntrvfl.org\/blogpat\/?attachment_id=439\" rel=\"attachment wp-att-439\"><img loading=\"lazy\" decoding=\"async\" aria-describedby=\"caption-attachment-439\" class=\"size-full wp-image-439 \" title=\"Love Robert-Indiana 1964\" src=\"http:\/\/sntrvfl.org\/blogpat\/wp-content\/uploads\/2011\/04\/love-robert-indiana.jpeg\" alt=\"\" width=\"350\" height=\"350\" srcset=\"https:\/\/sntrvfl.org\/blogpat\/wp-content\/uploads\/2011\/04\/love-robert-indiana.jpeg 500w, https:\/\/sntrvfl.org\/blogpat\/wp-content\/uploads\/2011\/04\/love-robert-indiana-150x150.jpg 150w, https:\/\/sntrvfl.org\/blogpat\/wp-content\/uploads\/2011\/04\/love-robert-indiana-300x300.jpg 300w\" sizes=\"(max-width: 350px) 100vw, 350px\" \/><\/a><p id=\"caption-attachment-439\" class=\"wp-caption-text\">Love 1964 Robert Indiana<\/p><\/div>\n<div id=\"attachment_440\" style=\"width: 356px\" class=\"wp-caption aligncenter\"><a href=\"http:\/\/sntrvfl.org\/blogpat\/?attachment_id=440\" rel=\"attachment wp-att-440\"><img loading=\"lazy\" decoding=\"async\" aria-describedby=\"caption-attachment-440\" class=\"size-full wp-image-440 \" title=\"General Idea AIDS\" src=\"http:\/\/sntrvfl.org\/blogpat\/wp-content\/uploads\/2011\/04\/idea04.jpeg\" alt=\"General Idea AIDS\" width=\"346\" height=\"354\" srcset=\"https:\/\/sntrvfl.org\/blogpat\/wp-content\/uploads\/2011\/04\/idea04.jpeg 494w, https:\/\/sntrvfl.org\/blogpat\/wp-content\/uploads\/2011\/04\/idea04-292x300.jpg 292w\" sizes=\"(max-width: 346px) 100vw, 346px\" \/><\/a><p id=\"caption-attachment-440\" class=\"wp-caption-text\">General Idea AIDS<\/p><\/div>\n<p>Le projet AIDS, d\u00e9clin\u00e9 et multiforme est embl\u00e9matique de la d\u00e9marche du collectif\u00a0: une distribution de masse sous forme d\u2019affiches comme moyen et medium du message et rappel subtile des moyens et m\u00e9thodes de la soci\u00e9t\u00e9 contemporaine envahie, <em>ad-nauseam<\/em> de slogans\u00a0; une d\u00e9viation subtile d\u2019une \u0153uvre ant\u00e9rieure embl\u00e9matique, non seulement sur le plan formel mais qui r\u00e9sonne et raisonne avec elle (l\u2019ambivalence redoutable <em>Love\u00a0\u2013 AIDS<\/em>)\u00a0; un message engag\u00e9 pour une cause et non pour un engagement\u00a0: leur \u0153uvre a \u00e9t\u00e9 critiqu\u00e9e pr\u00e9cis\u00e9ment parce qu\u2019elle n\u2019\u00e9tait pas assez explicite, alors que cette suspension r\u00e9f\u00e9renc\u00e9e en constitue la force d\u2019autant plus pr\u00e9gnante qu\u2019elle est la forme n\u00e9cessaire qui permet une diffusion universelle \u2013 au point que les tableaux AIDS rouge vert bleu ont \u00e9t\u00e9 reproduits et expos\u00e9s en papiers peints.<\/p>\n<p>Le d\u00e9tournement \u2013 et par voie de cons\u00e9quence, la r\u00e9v\u00e9lation de leur nature \u2013 des strat\u00e9gies de la soci\u00e9t\u00e9 de masse est un des ressorts du collectif d\u00e8s sa formation en 1969 \u00e0 Toronto. La constitution m\u00eame en collectif vise sans revendication pesante \u00e0 fustiger le \u00ab\u00a0tyrannie\u00a0du g\u00e9nie solitaire\u00a0\u00bb pour reprendre une de ses expressions. D\u00e8s cette ann\u00e9e cl\u00e9, AA Bronson, Felix Partz et Jorge Zontal, s\u2019effacent derri\u00e8re l\u2019\u0153uvre commune incarn\u00e9e par le personnage glamour et provocateur de <em>Miss General Idea<\/em> dont les \u00ab\u00a0tribulations\u00a0\u00bb fictionnelles et \u00e9v\u00e8nementielles vont point \u00e0 point servir de fil rouge \u00e0 leur travail.<\/p>\n<p>Le collectif d\u00e9tourne les maquettes des magasines \u00ab\u00a0people\u00a0\u00bb comme <em>Life<\/em> en publiant son propre magasine <em>FILE<\/em>, o\u00f9 rode le souvenir d\u2019Andy Warhol. Il cr\u00e9e un mur monumental de faux \u00e9crans de TV sur lesquels s\u2019affiche seulement la mire de couleur, produisant ainsi en Rouge Vert Bleu (RVB, les couleurs utilis\u00e9es sur tous nos \u00e9crans) une \u0153uvre hypnotique qui sugg\u00e8re le vide des images diffus\u00e9es, comme si la mire elle m\u00eame \u00e9tait au fond aussi digne d\u2019\u00eatre \u0153uvre que n\u2019importe quelle autre image (<em>Test Pattern\u00a0:T.V. Dinner Plates from the Miss General Idea Pavillion 1988<\/em>).<\/p>\n<p>C\u2019est pr\u00e9cis\u00e9ment en 1984, qu\u2019il cr\u00e9e le <em>Pavillon de Miss General Idea<\/em>, projet qui lui permet d\u2019explorer les ressorts du discours arch\u00e9ologique et scientifique. Le pavillon en effet ne subsiste que sous forme de ruines, objet d\u2019un documentaire savant et d\u2019une exposition o\u00f9 des fragments seuls sont montr\u00e9s\u00a0: mise en abime du discours mais aussi d\u2019une certaine \u00ab\u00a0mus\u00e9ologie\u00a0\u00bb qui, hors de tout contexte, construit un m\u00e9dium propice \u00e0 toutes les interpr\u00e9tations et toutes les r\u00e9cup\u00e9rations. Je connais peu de travaux ayant aussi subtilement et effacement d\u00e9nonc\u00e9 le langage de la culture mus\u00e9ale et sa dangereuse vacuit\u00e9 potentielle.<\/p>\n<p>Evidemment, le sexe o\u00f9 plus pr\u00e9cis\u00e9ment le mod\u00e8le patriarcale bipolaire \u2013 quel slogan\u00a0! \u2013 est aussi source d\u2019inspiration et de subversion. Le caniche \u00ab\u00a0peign\u00e9\u00a0\u00bb, compagnon du coiffeur, m\u00e9lange ind\u00e9finissable de ridicules, de charme et de glamour futile est un de ses motifs r\u00e9curents largement employ\u00e9 dans les ann\u00e9es 80 : sous forme sch\u00e9matique par exemple, pour la s\u00e9rie <em>Mondo Cane Kama Sutra<\/em>, o\u00f9 trois caniches \u00ab\u00a0robots\u00a0\u00bb s\u2019adonnent \u00e0 des positions amoureuses vari\u00e9es. Le sexe est pourtant absent car aucun animal n\u2019est objectivement sexu\u00e9. Le motif du trio est un moyen simple et redoutable de dynamiter le mod\u00e8le ambiant trait\u00e9 ici avec humour et d\u00e9tachement \u2013 le caract\u00e8re \u00ab\u00a0m\u00e9canis\u00e9\u00a0\u00bb des chiens, renvoyant au cot\u00e9 m\u00e9canique et bestiale des pratiques sexuelles repr\u00e9sent\u00e9es autant qu\u2019il souligne l\u2019aspect conventionnel du mod\u00e8le dominant.<\/p>\n<p>On comprend qu\u2019il y a chez General Idea un engagement, une volont\u00e9 de d\u00e9noncer l\u2019embrigadement explicite ou implicite de notre \u00e9poque, d\u2019en r\u00e9v\u00e9ler les ressorts. De ce point de vue, l\u2019oeuvre qui sert de fond \u00e0 la couverture du\u00a0 &#8211; tr\u00e8s beau \u2013 catalogue, <em>Nazi Milk<\/em> , rappelle que certains gestes anodins, nos compromis vite alt\u00e9r\u00e9s en compromissions, r\u00e9v\u00e8lent nos failles et peuvent mener au pire\u00a0: Hitler en buveur de lait \u2026<\/p>\n<div id=\"attachment_449\" style=\"width: 515px\" class=\"wp-caption aligncenter\"><a href=\"http:\/\/sntrvfl.org\/blogpat\/?attachment_id=449\" rel=\"attachment wp-att-449\"><img loading=\"lazy\" decoding=\"async\" aria-describedby=\"caption-attachment-449\" class=\"size-full wp-image-449 \" title=\"Mondo Cane Kama Sutra 1984 General Idea\" src=\"http:\/\/sntrvfl.org\/blogpat\/wp-content\/uploads\/2011\/04\/General-idea-caniches.jpeg\" alt=\"Mondo Cane Kama Sutra 1984 General Idea\" width=\"505\" height=\"333\" srcset=\"https:\/\/sntrvfl.org\/blogpat\/wp-content\/uploads\/2011\/04\/General-idea-caniches.jpeg 722w, https:\/\/sntrvfl.org\/blogpat\/wp-content\/uploads\/2011\/04\/General-idea-caniches-300x197.jpg 300w\" sizes=\"(max-width: 505px) 100vw, 505px\" \/><\/a><p id=\"caption-attachment-449\" class=\"wp-caption-text\">Mondo Cane Kama Sutra 1984 General Idea<\/p><\/div>\n<p>Mais cet engagement a, chez General Idea, une qualit\u00e9 rare\u00a0: il s\u2019attache aux causes, jamais \u00e0 des coteries, des clubs, des ghettos ou des courants d\u2019opinion. General Idea, sugg\u00e8re et ne pontifie ni ne th\u00e9orise. Ce refus a \u00e9t\u00e9 clairement explicit\u00e9 par Felix Partz lui m\u00eame concernant la cause Gay, dans laquelle on a voulu les enfermer \u2013 de mon point de vue en contresens de leur travail comme le fait encore en partie Elisabeth Lebovici dans le catalogue, plus soucieuse de sa cause que de l\u2019oeuvre. Partz d\u00e9clare \u00ab\u00a0 <em>Cela nous ram\u00e8ne [\u2026] \u00e0 cette id\u00e9e de ne pas nous pr\u00e9senter comme des \u00ab\u00a0artistes gays\u00a0\u00bb et de ne pas nous marginaliser. Je pense que notre projet AIDS \u2013 qui a \u00e9t\u00e9 critiqu\u00e9 pour ne pas avoir \u00e9t\u00e9 assez explicite -, \u00e9tait volontairement con\u00e7u pour \u00e9viter la plupart des questions sur la sexualit\u00e9 ou l\u2019homosexualit\u00e9. Il ne s\u00a0\u2018agissait que du mot. Et cela permettait au mot de se r\u00e9pandre davantage dans la culture des m\u00e9dias populaires, parce que nous \u00e9tions conscients de cette discrimination <\/em>\u00bb. Je ne saurais mieux \u00e9crire la vraie raison, au fond, de la fascination que peut susciter leur travail.<\/p>\n<p>C\u2019est l\u00e0 en effet toute la force de l\u2019\u0153uvre qui parvient \u00e0 engager le regardant, le participant sans jamais faire peser sur lui la somme p\u00e9nible des th\u00e9ories pro domo. L\u2019\u0153uvre est subtile, profonde, riche de r\u00e9f\u00e9rence et de clins d\u2019yeux aux quels l\u2019histoire de l\u2019art elle m\u00eame n\u2019\u00e9chappe pas comme cette attaque d\u00e9licate des crispations de Mondrian refusant le vert, mise en abime dans <em><em>Infe\u00a9ted Mondrian<\/em>.<\/em><em> <\/em> o\u00f9 le jaune est remplac\u00e9 par cette couleur honnie. Elle est surtout \u00e9l\u00e9gante, si l\u2019\u00e9l\u00e9gance est d\u2019aborder des choses graves et profondes sans pathos\u00a0; changer les drames de la vie en nuages qui filent, lourds de menaces et de risques, mais fugaces, emport\u00e9s aux flots du temps qui passe. Le dernier tableau pr\u00e9sent\u00e9 dans l\u2019exposition, apparemment blanc, mais o\u00f9 se r\u00e9v\u00e8lent, dans une imperceptible nuance, les quatre lettres AIDS, est, pour moi, une forme de quintessence subtile de leur travail \u2013 <em>White AIDS 1993<\/em>. Tout s\u2019efface et tout est l\u00e0, discret et ainsi obsessionnel, \u00e9l\u00e9gant et profond, pourtant, d\u00e9j\u00e0, \u00e0 l\u2019approche de la mort.<\/p>\n<p>&nbsp;<\/p>\n<div id=\"attachment_444\" style=\"width: 350px\" class=\"wp-caption aligncenter\"><a href=\"http:\/\/sntrvfl.org\/blogpat\/?attachment_id=444\" rel=\"attachment wp-att-444\"><img loading=\"lazy\" decoding=\"async\" aria-describedby=\"caption-attachment-444\" class=\"size-full wp-image-444 \" title=\" Infe\u00a9ted Mondrian 1993 General Idea\" src=\"http:\/\/sntrvfl.org\/blogpat\/wp-content\/uploads\/2011\/04\/2384_img1.jpeg\" alt=\"Infe\u00a9ted Mondrian 1993 General Idea\" width=\"340\" height=\"342\" srcset=\"https:\/\/sntrvfl.org\/blogpat\/wp-content\/uploads\/2011\/04\/2384_img1.jpeg 567w, https:\/\/sntrvfl.org\/blogpat\/wp-content\/uploads\/2011\/04\/2384_img1-150x150.jpg 150w, https:\/\/sntrvfl.org\/blogpat\/wp-content\/uploads\/2011\/04\/2384_img1-298x300.jpg 298w\" sizes=\"(max-width: 340px) 100vw, 340px\" \/><\/a><p id=\"caption-attachment-444\" class=\"wp-caption-text\">Infe\u00a9ted Mondrian 1993 General Idea<\/p><\/div>\n<p>F\u00e9lix Partz et Jorge Zontal sont morts du Sida en 1994.<\/p>\n<p>&nbsp;<\/p>\n<p>Post-scriptum\u00a0: Je d\u00e9conseille la visite de l\u2019exposition Van Dongen, apr\u00e8s avoir vu la r\u00e9trospective General Idea sous peine de la trouver lourde et sans int\u00e9r\u00eat, ce qu\u2019elle n\u2019est sans doute pas. J\u2019y retournerai moi-m\u00eame.<\/p>\n<p>&nbsp;<\/p>\n","protected":false},"excerpt":{"rendered":"<p>Le mus\u00e9e d\u2019art moderne de la ville de Paris consacre jusqu\u2019au 30 avril 2011 une premi\u00e8re r\u00e9trospective au collectif d\u2019artistes General Idea.<\/p>\n","protected":false},"author":2,"featured_media":0,"comment_status":"open","ping_status":"closed","sticky":false,"template":"","format":"standard","meta":{"ngg_post_thumbnail":0,"footnotes":""},"categories":[3,19,6],"tags":[],"_links":{"self":[{"href":"https:\/\/sntrvfl.org\/blogpat\/index.php?rest_route=\/wp\/v2\/posts\/438"}],"collection":[{"href":"https:\/\/sntrvfl.org\/blogpat\/index.php?rest_route=\/wp\/v2\/posts"}],"about":[{"href":"https:\/\/sntrvfl.org\/blogpat\/index.php?rest_route=\/wp\/v2\/types\/post"}],"author":[{"embeddable":true,"href":"https:\/\/sntrvfl.org\/blogpat\/index.php?rest_route=\/wp\/v2\/users\/2"}],"replies":[{"embeddable":true,"href":"https:\/\/sntrvfl.org\/blogpat\/index.php?rest_route=%2Fwp%2Fv2%2Fcomments&post=438"}],"version-history":[{"count":24,"href":"https:\/\/sntrvfl.org\/blogpat\/index.php?rest_route=\/wp\/v2\/posts\/438\/revisions"}],"predecessor-version":[{"id":610,"href":"https:\/\/sntrvfl.org\/blogpat\/index.php?rest_route=\/wp\/v2\/posts\/438\/revisions\/610"}],"wp:attachment":[{"href":"https:\/\/sntrvfl.org\/blogpat\/index.php?rest_route=%2Fwp%2Fv2%2Fmedia&parent=438"}],"wp:term":[{"taxonomy":"category","embeddable":true,"href":"https:\/\/sntrvfl.org\/blogpat\/index.php?rest_route=%2Fwp%2Fv2%2Fcategories&post=438"},{"taxonomy":"post_tag","embeddable":true,"href":"https:\/\/sntrvfl.org\/blogpat\/index.php?rest_route=%2Fwp%2Fv2%2Ftags&post=438"}],"curies":[{"name":"wp","href":"https:\/\/api.w.org\/{rel}","templated":true}]}}