{"id":51,"date":"2008-05-11T19:27:36","date_gmt":"2008-05-11T17:27:36","guid":{"rendered":"http:\/\/berdec.dyndns.org\/wordpress\/?p=51"},"modified":"2008-05-11T19:27:36","modified_gmt":"2008-05-11T17:27:36","slug":"serra-au-grand-palais","status":"publish","type":"post","link":"https:\/\/sntrvfl.org\/blogpat\/?p=51","title":{"rendered":"Serra au Grand Palais"},"content":{"rendered":"<p>Monumenta 2008 : Richard Serra expose au Grand-Palais.<!--more--><\/p>\n<p>On conna\u00eet bien les sculptures monumentales de Richard Serra faites d&rsquo;acier (Clara-Clara d\u00e9j\u00e0 expos\u00e9e aux Tuileries en 1983). On sait son souci d&rsquo;occuper l&rsquo;espace. Alors soyons direct, la r\u00e9ussite de son \u0153uvre \u00ab\u00a0Promenade\u00a0\u00bb au Grand-Palais est tout simplement totale.<\/p>\n<p>Il s&rsquo;agit d&rsquo;immenses t\u00f4les de dix sept m\u00e8tres de haut, quatre de large et de soixante-quinze tonnes chacunes&#8230; dispos\u00e9es dans l&rsquo;axe de la grande nef, l\u00e9g\u00e8rement d\u00e9cal\u00e9es et de biais. L&rsquo;id\u00e9e rappelle une autre \u0153uvre de Serra, Ballast \u00e0 San Francisco. Mais le plein-air am\u00e9ricain a fait place au volume clos de la nef du Grand Palais et cela change tout. La sculpture n&rsquo;est plus seule; elle compose avec le cadre dont elle prend la mesure; elle entre en r\u00e9sonance avec un lieu.<\/p>\n<p>L&rsquo;intelligence de ce travail est imm\u00e9diatement sensible: Serra a fait en sorte que le d\u00e9placement induise un changement permanent de perception non seulement de l&rsquo;\u0153uvre mais du cadre lui m\u00eame. L&rsquo;\u0153uvre se r\u00e9v\u00e8le, s&rsquo;enfuit, dispara\u00eet \u00e0 la mesure o\u00f9 la nef en fait de m\u00eame, \u00e0 contre-temps. En ce sens le titre tr\u00e8s simple est un r\u00e9sum\u00e9 parfait : Promenade incite \u00e0 la divagation du corps et de l&rsquo;esprit.<\/p>\n<p>D\u00e8s lors, l&rsquo;\u00e9normit\u00e9 de l&rsquo;\u0153uvre qui finalement n&rsquo;est qu&rsquo;\u00e0 l&rsquo;\u00e9chelle du lieu et l&rsquo;exploit technique qu&rsquo;elle repr\u00e9sente disparaissent. Le paradoxe angoissant de la pesanteur et du d\u00e9s\u00e9quilibre de ces monstres d&rsquo;acier dont un coin de la base se d\u00e9tache du sol comme si une force surhumaine les extirpait de leur socle de b\u00e9ton pour provoquer leur chute, joue peu et plut\u00f4t sur un mode humoristique sinon ironique. Ces colosses semblent marcher avec nous&#8230; Ils jouent avec la lumi\u00e8re opposant leurs faces sombres \u00e0 la verri\u00e8re lumineuse qui les abrite, comme des arbres jouent avec le soleil&#8230;<\/p>\n<p>On n&rsquo;est moins \u00e9cras\u00e9 qu&rsquo;\u00e9blouit par la justesse des proportions&#8230; et on tourne comme en for\u00eat, comme \u00e0 l&rsquo;\u00e9vidence en oubliant et le lieu et l&rsquo;\u0153uvre tant tout semble naturellement \u00e0 sa place, simple et d\u00e9finitif.<\/p>\n<p>Dire que j&rsquo;ai aim\u00e9 est peu; c&rsquo;est, pour moi, du tr\u00e8s grand art.<\/p>\n","protected":false},"excerpt":{"rendered":"<p>Monumenta monumentale et majeure : incontournable<\/p>\n","protected":false},"author":2,"featured_media":0,"comment_status":"closed","ping_status":"closed","sticky":false,"template":"","format":"standard","meta":{"ngg_post_thumbnail":0,"footnotes":""},"categories":[3,6],"tags":[],"_links":{"self":[{"href":"https:\/\/sntrvfl.org\/blogpat\/index.php?rest_route=\/wp\/v2\/posts\/51"}],"collection":[{"href":"https:\/\/sntrvfl.org\/blogpat\/index.php?rest_route=\/wp\/v2\/posts"}],"about":[{"href":"https:\/\/sntrvfl.org\/blogpat\/index.php?rest_route=\/wp\/v2\/types\/post"}],"author":[{"embeddable":true,"href":"https:\/\/sntrvfl.org\/blogpat\/index.php?rest_route=\/wp\/v2\/users\/2"}],"replies":[{"embeddable":true,"href":"https:\/\/sntrvfl.org\/blogpat\/index.php?rest_route=%2Fwp%2Fv2%2Fcomments&post=51"}],"version-history":[{"count":0,"href":"https:\/\/sntrvfl.org\/blogpat\/index.php?rest_route=\/wp\/v2\/posts\/51\/revisions"}],"wp:attachment":[{"href":"https:\/\/sntrvfl.org\/blogpat\/index.php?rest_route=%2Fwp%2Fv2%2Fmedia&parent=51"}],"wp:term":[{"taxonomy":"category","embeddable":true,"href":"https:\/\/sntrvfl.org\/blogpat\/index.php?rest_route=%2Fwp%2Fv2%2Fcategories&post=51"},{"taxonomy":"post_tag","embeddable":true,"href":"https:\/\/sntrvfl.org\/blogpat\/index.php?rest_route=%2Fwp%2Fv2%2Ftags&post=51"}],"curies":[{"name":"wp","href":"https:\/\/api.w.org\/{rel}","templated":true}]}}