{"id":53,"date":"2008-05-26T23:01:17","date_gmt":"2008-05-26T21:01:17","guid":{"rendered":"http:\/\/berdec.dyndns.org\/wordpress\/?p=53"},"modified":"2008-05-26T23:01:17","modified_gmt":"2008-05-26T21:01:17","slug":"traces-du-sacre","status":"publish","type":"post","link":"https:\/\/sntrvfl.org\/blogpat\/?p=53","title":{"rendered":"Traces du sacr\u00e9"},"content":{"rendered":"<p>Alors que la r\u00e9trospective Louise Bourgeois reste d&rsquo;actualit\u00e9, Le Centre Pompidou pr\u00e9sente \u00ab\u00a0Traces du sacr\u00e9\u00a0\u00bb, une exposition dont le titre donne la teneur : l&rsquo;art contemporain entretient-il un rapport au sacr\u00e9 ? Et comment &#8230;<!--more--><\/p>\n<p>Une telle exposition th\u00e9matique est toujours d\u00e9licate. On lui reprochera son d\u00e9coupage qui peut para\u00eetre arbitraire. Vingt deux chapitres, des \u00ab\u00a0dieux enfouis\u00a0\u00bb \u00e0 \u00ab\u00a0l&rsquo;ombre de Dieu\u00a0\u00bb en passant par les \u00ab\u00a0sacrifices\u00a0\u00bb, \u00ab\u00a0l&rsquo;Eden\u00a0\u00bb ou \u00ab\u00a0l&rsquo;apocalypse\u00a0\u00bb&#8230; On pourra critiquer le choix des \u0153uvres et \u00e9videmment regretter les manques. On pourra enfin estimer le propos d\u00e9plac\u00e9 ou hors contexte &#8211; bref sans objet &#8211; \u00e0 l&rsquo;heure o\u00f9 l&rsquo;art est aussi une marchandise et o\u00f9 communiquer pour vendre peut para\u00eetre l&rsquo;essentiel. Nous sommes peu ouverts aux silences pas plus qu&rsquo;\u00e0 la m\u00e9ditation, trop effray\u00e9s de nous m\u00eames, sans doute.<\/p>\n<p>Alors oui, on se prom\u00e8ne plus qu&rsquo;on ne suit le parcourt. Alors oui, les cartels sont peu lisibles. Mais oui, il s&rsquo;agit d&rsquo;une tr\u00e8s grande exposition dans laquelle il me semble impossible qu&rsquo;aucune oeuvre, aucune th\u00e9matique, ne suscite chez l&rsquo;observateur press\u00e9 voire mercantile un moment m\u00eame fugitif qui r\u00e9v\u00e8le la trace de sacr\u00e9 qui lui appartient.<\/p>\n<p>Chacun sa part &#8230; en ce qui me concerne et pour cette visite &#8211; car il y en aura s\u00fbrement d&rsquo;autres -, Kandinsky, Komposition VI (1913); Catellan, Him (2001); Monk, Sentence Removed (Emphasis Remains) (2000) entre autres. La premi\u00e8re \u0153uvre car elle me semble une porte lumineuse vers &#8230;; la seconde car elle abolit l&rsquo;innocence et la culpabilit\u00e9, bien et mal dans une ambivalence provocatrice et violente; la derni\u00e8re parce qu&rsquo;elle r\u00e9sume l&rsquo;instant pr\u00e9sent : le verbe a d\u00e9sert\u00e9 mais le geste, la forme, la surface demeure, comme une pirouette qui en vidant l&rsquo;\u0153uvre de Naumannn de ses mots en appui l&rsquo;importance.<\/p>\n<p>Le sacr\u00e9, en traces, est bien pr\u00e9sent: remarquable.<\/p>\n","protected":false},"excerpt":{"rendered":"<p>Sacr\u00e9es traces !!!<\/p>\n","protected":false},"author":2,"featured_media":0,"comment_status":"closed","ping_status":"closed","sticky":false,"template":"","format":"standard","meta":{"ngg_post_thumbnail":0,"footnotes":""},"categories":[3,6],"tags":[],"_links":{"self":[{"href":"https:\/\/sntrvfl.org\/blogpat\/index.php?rest_route=\/wp\/v2\/posts\/53"}],"collection":[{"href":"https:\/\/sntrvfl.org\/blogpat\/index.php?rest_route=\/wp\/v2\/posts"}],"about":[{"href":"https:\/\/sntrvfl.org\/blogpat\/index.php?rest_route=\/wp\/v2\/types\/post"}],"author":[{"embeddable":true,"href":"https:\/\/sntrvfl.org\/blogpat\/index.php?rest_route=\/wp\/v2\/users\/2"}],"replies":[{"embeddable":true,"href":"https:\/\/sntrvfl.org\/blogpat\/index.php?rest_route=%2Fwp%2Fv2%2Fcomments&post=53"}],"version-history":[{"count":0,"href":"https:\/\/sntrvfl.org\/blogpat\/index.php?rest_route=\/wp\/v2\/posts\/53\/revisions"}],"wp:attachment":[{"href":"https:\/\/sntrvfl.org\/blogpat\/index.php?rest_route=%2Fwp%2Fv2%2Fmedia&parent=53"}],"wp:term":[{"taxonomy":"category","embeddable":true,"href":"https:\/\/sntrvfl.org\/blogpat\/index.php?rest_route=%2Fwp%2Fv2%2Fcategories&post=53"},{"taxonomy":"post_tag","embeddable":true,"href":"https:\/\/sntrvfl.org\/blogpat\/index.php?rest_route=%2Fwp%2Fv2%2Ftags&post=53"}],"curies":[{"name":"wp","href":"https:\/\/api.w.org\/{rel}","templated":true}]}}