{"id":57,"date":"2008-06-15T01:05:27","date_gmt":"2008-06-14T23:05:27","guid":{"rendered":"http:\/\/berdec.dyndns.org\/wordpress\/?p=57"},"modified":"2011-07-18T22:18:56","modified_gmt":"2011-07-18T22:18:56","slug":"vaux-chandelles-grand-siecle","status":"publish","type":"post","link":"https:\/\/sntrvfl.org\/blogpat\/?p=57","title":{"rendered":"Vaux : chandelles grand si\u00e8cle"},"content":{"rendered":"<p>\u00c9voquer Vaux quand le m\u00e9tro parisien est envahi d\u2019affiches qui vantent ses fastes en r\u00e9clames pour tourisme de masse, peut sembler c\u00e9der \u00e0 ce merchandising culturel. Mais Vaux n\u2019est pas Disneyland.<!--more--><\/p>\n<p>Vaux, on le sait, est la premier jardin o\u00f9 LeNotre eut en grande partie carte blanche et put exprimer enfin son talent. Certes le jardin que nous voyons n\u2019est pas celui que vit Louis XIV, La Fontaine, Moli\u00e8re et tant d\u2019autres: le jardin \u00e9tait ruin\u00e9 au milieu du XIXe si\u00e8cle et a \u00e9t\u00e9 largement reconstitu\u00e9 en suivant au plus pr\u00e8s les plans et surtout les gravures de l\u2019\u00e9poque. \u00c9videmment des libert\u00e9s ont \u00e9t\u00e9 prises; la plus g\u00eanante, sans doute, \u00e9tant la largeur excessive des parterres de gazon, plus \u00e9troits \u00e0 l\u2019origine, ce qui, du ch\u00e2teau, devait accentuer l\u2019effet de perspective.<\/p>\n<p>Mais l\u2019esprit est bien l\u00e0 et l\u2019essentiel demeure : la subtilit\u00e9 des jeux de terrasses, dissimulant et r\u00e9v\u00e9lant des bassins au gr\u00e8s de la promenade en effets de surprise parfois spectaculaires : le canal et les cascades; les effets d\u2019optique de reflets du ch\u00e2teau ou des grottes suivant o\u00f9 l\u2019on se trouve; enfin les jeux savant de perspectives ralenties puis acc\u00e9l\u00e9r\u00e9es&#8230; un jardin de la raison, un ilot dans une for\u00eat qui partout l\u2019entoure.<\/p>\n<p>Alors, quand le soir vient et que le serein s\u2019installe; que les promeneurs pourtant invit\u00e9s d\u00e9sertent les parterres pour se placer sous la protection du ch\u00e2teau;\u00a0 tandis que les chandelles par milliers s\u2019allument et que flotte la douceur d\u2019un soir de printemps; quand les ombres s\u2019\u00e9tirent et vacillent&#8230; la savante g\u00e9om\u00e9trie devient diffuse et onirique, propice aux fables et aux contes; le jardin de la raison accueille des nymphes fr\u00e9missantes, des cr\u00e9atures vaporeuses; l\u2019esprit se calme, se trouble et se perd. Les fronti\u00e8res s\u2019effacent entre for\u00eat, ciel et jardin. Les \u00e9toiles r\u00e9pondent aux chandelles vacillantes&#8230; et les obscures frondaisons deviennent coulisses pour des f\u00eates myst\u00e9rieuses. Alors nait une harmonie dont l\u2019Homme, g\u00e9om\u00e8tre, po\u00e8te et illusionniste est le centre.<\/p>\n<p>Revoir ce jardin dans le calme, presque seul, ravive l\u2019exp\u00e9rience voulue par son cr\u00e9ateur et reste un intense moment d\u2019\u00e9motion esth\u00e9tique. Le jardin de g\u00e9om\u00e9trie que l\u2019on dit fran\u00e7ais conserve sa force de suggestion.<\/p>\n<p>Souhaitons longue vie aux jardins de l\u2019intelligence &#8230;<\/p>\n<div id=\"attachment_143\" style=\"width: 452px\" class=\"wp-caption aligncenter\"><a href=\"http:\/\/sntrvfl.org\/blogpat\/?attachment_id=143\" rel=\"attachment wp-att-143\"><img loading=\"lazy\" decoding=\"async\" aria-describedby=\"caption-attachment-143\" class=\"size-large wp-image-143   \" title=\"Jardins de Vaux le Vicomte \u00e9clair\u00e9s aux chandelles vers le canal\" src=\"http:\/\/sntrvfl.org\/blogpat\/wp-content\/uploads\/2010\/01\/IMG_92791-1024x682.jpg\" alt=\"\" width=\"442\" height=\"294\" srcset=\"https:\/\/sntrvfl.org\/blogpat\/wp-content\/uploads\/2010\/01\/IMG_92791-1024x682.jpg 1024w, https:\/\/sntrvfl.org\/blogpat\/wp-content\/uploads\/2010\/01\/IMG_92791-300x200.jpg 300w\" sizes=\"(max-width: 442px) 100vw, 442px\" \/><\/a><p id=\"caption-attachment-143\" class=\"wp-caption-text\">Jardins de Vaux le Vicomte \u00e9clair\u00e9s aux chandelles vers le canal<\/p><\/div>\n<p>&#8230;Intelligence, voil\u00e0 qui manque aux placards du m\u00e9tro et \u00e0 bien des publications concernant Vaux : Fouquet fut la victime innocente d\u2019un autocrate odieux qui piqua ses artistes pour cr\u00e9er une copie boursoufl\u00e9e \u00e0 Versailles! Je caricature un peu mais le fond est l\u00e0, vendu d\u00e9j\u00e0, jadis, par Anatole France ou Paul Morand. Le slogan est tout trouv\u00e9 : venez donc \u00e0 Vaux, copi\u00e9 mais insurpass\u00e9 !<br \/>\nCe genre de propos est toujours un double d\u00e9fi \u00e0 l\u2019intelligence : confronter Vaux \u00e0 Versailles a autant de sens que confronter le plafond de la Sixtine et le Jugement Dernier; \u00e9crire l\u2019histoire en noir et blanc, bien et mal, n\u2019int\u00e9resse plus que les gens press\u00e9s.<br \/>\nIl faut aller \u00e0 Vaux non pas pour satisfaire un fantasme r\u00e9publicain de l\u2019histoire, tr\u00e8s troisi\u00e8me r\u00e9publique, mais pour la beaut\u00e9 du lieu, de ce lieu ci pour en gouter la singularit\u00e9 et le parfum. Ailleurs, \u00e0 Versailles, d\u2019autres parfums sont perceptibles, diff\u00e9rents mais non moins p\u00e9n\u00e9trants.<\/p>\n<p>Bonnes r\u00eaveries&#8230;<\/p>\n<div id=\"attachment_148\" style=\"width: 501px\" class=\"wp-caption aligncenter\"><a href=\"http:\/\/sntrvfl.org\/blogpat\/?attachment_id=148\" rel=\"attachment wp-att-148\"><img loading=\"lazy\" decoding=\"async\" aria-describedby=\"caption-attachment-148\" class=\"size-large wp-image-148  \" title=\"Versailles : la grande perspective depuis le parterre de Latone\" src=\"http:\/\/sntrvfl.org\/blogpat\/wp-content\/uploads\/2010\/01\/Versailles-blog11-1024x682.jpg\" alt=\"\" width=\"491\" height=\"327\" srcset=\"https:\/\/sntrvfl.org\/blogpat\/wp-content\/uploads\/2010\/01\/Versailles-blog11-1024x682.jpg 1024w, https:\/\/sntrvfl.org\/blogpat\/wp-content\/uploads\/2010\/01\/Versailles-blog11-300x200.jpg 300w\" sizes=\"(max-width: 491px) 100vw, 491px\" \/><\/a><p id=\"caption-attachment-148\" class=\"wp-caption-text\">Versailles : la grande perspective depuis le parterre de Latone<\/p><\/div>\n","protected":false},"excerpt":{"rendered":"<p>Ordre, calme et volupt\u00e9<\/p>\n","protected":false},"author":2,"featured_media":0,"comment_status":"closed","ping_status":"closed","sticky":false,"template":"","format":"standard","meta":{"ngg_post_thumbnail":0,"footnotes":""},"categories":[3,19,9,12],"tags":[],"_links":{"self":[{"href":"https:\/\/sntrvfl.org\/blogpat\/index.php?rest_route=\/wp\/v2\/posts\/57"}],"collection":[{"href":"https:\/\/sntrvfl.org\/blogpat\/index.php?rest_route=\/wp\/v2\/posts"}],"about":[{"href":"https:\/\/sntrvfl.org\/blogpat\/index.php?rest_route=\/wp\/v2\/types\/post"}],"author":[{"embeddable":true,"href":"https:\/\/sntrvfl.org\/blogpat\/index.php?rest_route=\/wp\/v2\/users\/2"}],"replies":[{"embeddable":true,"href":"https:\/\/sntrvfl.org\/blogpat\/index.php?rest_route=%2Fwp%2Fv2%2Fcomments&post=57"}],"version-history":[{"count":5,"href":"https:\/\/sntrvfl.org\/blogpat\/index.php?rest_route=\/wp\/v2\/posts\/57\/revisions"}],"predecessor-version":[{"id":533,"href":"https:\/\/sntrvfl.org\/blogpat\/index.php?rest_route=\/wp\/v2\/posts\/57\/revisions\/533"}],"wp:attachment":[{"href":"https:\/\/sntrvfl.org\/blogpat\/index.php?rest_route=%2Fwp%2Fv2%2Fmedia&parent=57"}],"wp:term":[{"taxonomy":"category","embeddable":true,"href":"https:\/\/sntrvfl.org\/blogpat\/index.php?rest_route=%2Fwp%2Fv2%2Fcategories&post=57"},{"taxonomy":"post_tag","embeddable":true,"href":"https:\/\/sntrvfl.org\/blogpat\/index.php?rest_route=%2Fwp%2Fv2%2Ftags&post=57"}],"curies":[{"name":"wp","href":"https:\/\/api.w.org\/{rel}","templated":true}]}}