{"id":68,"date":"2008-11-02T15:21:12","date_gmt":"2008-11-02T13:21:12","guid":{"rendered":"http:\/\/berdec.dyndns.org\/wordpress\/?p=68"},"modified":"2008-11-02T15:21:12","modified_gmt":"2008-11-02T13:21:12","slug":"picasso-partout-avec-ses-maitres","status":"publish","type":"post","link":"https:\/\/sntrvfl.org\/blogpat\/?p=68","title":{"rendered":"Picasso &#8230; partout avec ses ma\u00eetres"},"content":{"rendered":"<p>Difficile d\u2019\u00e9chapper \u00e0 Picasso en cet automne; Paris a choisi de c\u00e9l\u00e9brer l\u2019ogre par un rapprochement d\u2019avec les ma\u00eetres qui l\u2019ont inspir\u00e9. La confrontation s\u2019\u00e9tale (et c\u2019est bien le mot) au Grand Palais, au Louvre (Picasso face aux \u00abfemmes d\u2019Alger\u00a0\u00bb de Delacroix ) et \u00e0 Orsay (le d\u00e9jeuner sur l\u2019herbe.. \u00e9videmment).<!--more--><\/p>\n<p>On a d\u00e9j\u00e0 beaucoup parl\u00e9 de cette formidable d\u00e9monstration de force, sur-vendue par des superlatifs marketing quelque peu d\u00e9plac\u00e9s en ces temps de crise : l\u2019exposition du grand Palais serait l\u2019une des plus ch\u00e8re de l\u2019histoire et des plus difficile \u00e0 monter &#8230; des plus vide aussi dans son propos.<\/p>\n<p>Le titre &#8211; catastrophique &#8211; \u00ab\u00a0Picasso et les ma\u00eetres\u00a0\u00bb r\u00e9sume \u00e0 lui seul le \u00ab\u00a0probl\u00e8me\u00a0\u00bb de cette manifestation : le choix de l\u2019article d\u00e9fini, p\u00e9remptoire, convoque le pass\u00e9 r\u00e9f\u00e9rentiel et mythique, confront\u00e9 au pr\u00e9sent (Picasso est pourtant bien mort !) dans un jeu dont on ne sait si l\u2019on voulait qu\u2019il f\u00fbt continuit\u00e9, miroir ou opposition.<\/p>\n<p>Qu\u2019a-t-on voulu montrer ? Que Picasso a puis\u00e9 dans les \u0153uvres de ses devanciers &#8230; bonne nouvelle; mais sans aller chercher bien loin c\u2019\u00e9tait d\u00e9j\u00e0 le propos plus humble et plus convainquant de l\u2019exposition de Madrid il y quelques mois. Picasso a eu ses ma\u00eetres &#8230; nous voil\u00e0 rassur\u00e9s &#8230; comme Bacon par exemple et comme aujourd\u2019hui Koons.<br \/>\nPicasso a utilis\u00e9 toutes sortes de mat\u00e9riels pour le d\u00e9tourner &#8230; on le sait et on peut le v\u00e9rifier maintenant. Le sugg\u00e9rer avec intelligence, illustrer la d\u00e9marche agissante du cr\u00e9ateur torturant son mat\u00e9riel fait mat\u00e9riau, aurait \u00e9t\u00e9 passionnant&#8230; ce que l\u2019on entrevoit d\u2019ailleurs\u00a0 au Louvre et \u00e0 Orsay.\u00a0 Mais confronter &#8230;<\/p>\n<p>Si le propos, on l\u2019aura compris, est \u00e0 mes yeux bien t\u00e9nu, on reverra \u00e9videmment avec plaisir et bonheur certaines oeuvres majeures de Picasso mais aussi de Poussin , Zurbaran ou de Chardin, Velasquez n\u2019ayant pas pu faire le voyage (les Menines). On pourra s\u2019amuser b\u00eatement &#8211; je veux dire dans un esprit, au fond, accord\u00e9 au propos &#8211; \u00e0 confronter Picasso aux Maitres &#8211; puisque c\u2019est ainsi que l\u2019affaire est formul\u00e9e. Le cas Chardin est \u00e9tonnant : David contre Goliath o\u00f9 comment un peintre si d\u00e9licat est-il confront\u00e9 au souffle du \u00ab\u00a0plus grand peintre du XXe si\u00e8cle\u00a0\u00bb (ce sera tout ?) ?<\/p>\n<p>Du reste, le seul fait que le titre puisse effectivement sugg\u00e9rer de traiter l\u2019exposition comme un affrontement o\u00f9 se distribuent bons et mauvais points, satisfaction ou r\u00e9ticence, avec Picasso pour r\u00e9f\u00e9rent syst\u00e9matique (ma\u00eetre \u00e9talon de l\u2019art) suffit de mon point de vue \u00e0 disqualifier l\u2019entreprise : cette confrontation n\u2019a pas lieu d\u2019\u00eatre sauf \u00e0 vouloir imposer un go\u00fbt, une vision de l\u2019histoire, d\u00e9termin\u00e9e, que je ne partage pas et qui fait \u00e9trangement \u00e9chos \u00e0 l&rsquo;exposition consacr\u00e9e au Futurisme au Pompidou.<\/p>\n<p>Car le titre et pas cons\u00e9quent le propos de l\u2019exposition du Grand Palais\u00a0 pose d\u2019autant plus\u00a0 probl\u00e8me dans sa bipolarit\u00e9 p\u00e9remptoire qui pourrait \u00eatre mal interpr\u00e9t\u00e9e qu\u2019elle se tient en m\u00eame temps que celle du Pompidou o\u00f9, par un effet miroir qui pourrait passer pour suspect on peut relire le manifeste &#8211; bien connu &#8211;\u00a0 du mouvement futuriste &#8211; ce genre de texte qui pr\u00f4ne la \u00ab\u00a0tabula rasa\u00a0\u00bb et que l\u2019on \u00e9crit \u00e0 quinze ans et dont on rit \u00e0 trente, \u00e0 moins d\u2019y croire toute sa vie ce qui fut, au fond, un des drames des \u00e9lites du XXe si\u00e8cle, fascistes, nazies ou staliniennes et de son auteur. Continuit\u00e9 et rupture ou l\u2019inverse dans un rapprochement manich\u00e9en trivial et immature : voil\u00e0 ce qui reste finalement du propos des deux expositions dont on pourrait croire qu\u2019elles se compl\u00e8tent mais qui s\u2019annihilent plut\u00f4t.<\/p>\n<p>\u00ab\u00a0Picasso et les ma\u00eetres\u00a0\u00bb ou l\u2019exposition bling-bling par excellence; vacuit\u00e9 de la pens\u00e9e oscillant entre la continuit\u00e9 r\u00e9actionnaire\u00a0 ou la r\u00e9action par la r\u00e9volution qui d\u00e9bouchent sur le \u00ab\u00a0tout est dans tout\u00a0\u00bb cr\u00e9tin et absurde&#8230; On a douze ans \u00e0 Paris dans un certain milieu culturel, du moins on l\u2019esp\u00e8re, car c\u2019est la promesse possible de belles et enthousiastes expositions futures&#8230;<\/p>\n<p>Reste les \u0153uvres et n\u2019est-ce pas l\u2019essentiel, qui justifient le succ\u00e8s semble-t-il immense de \u00ab\u00a0Picasso et les ma\u00eetres\u00a0\u00bb.<\/p>\n","protected":false},"excerpt":{"rendered":"<p>Match nul<\/p>\n","protected":false},"author":2,"featured_media":0,"comment_status":"closed","ping_status":"closed","sticky":false,"template":"","format":"standard","meta":{"ngg_post_thumbnail":0,"footnotes":""},"categories":[3,6],"tags":[],"_links":{"self":[{"href":"https:\/\/sntrvfl.org\/blogpat\/index.php?rest_route=\/wp\/v2\/posts\/68"}],"collection":[{"href":"https:\/\/sntrvfl.org\/blogpat\/index.php?rest_route=\/wp\/v2\/posts"}],"about":[{"href":"https:\/\/sntrvfl.org\/blogpat\/index.php?rest_route=\/wp\/v2\/types\/post"}],"author":[{"embeddable":true,"href":"https:\/\/sntrvfl.org\/blogpat\/index.php?rest_route=\/wp\/v2\/users\/2"}],"replies":[{"embeddable":true,"href":"https:\/\/sntrvfl.org\/blogpat\/index.php?rest_route=%2Fwp%2Fv2%2Fcomments&post=68"}],"version-history":[{"count":0,"href":"https:\/\/sntrvfl.org\/blogpat\/index.php?rest_route=\/wp\/v2\/posts\/68\/revisions"}],"wp:attachment":[{"href":"https:\/\/sntrvfl.org\/blogpat\/index.php?rest_route=%2Fwp%2Fv2%2Fmedia&parent=68"}],"wp:term":[{"taxonomy":"category","embeddable":true,"href":"https:\/\/sntrvfl.org\/blogpat\/index.php?rest_route=%2Fwp%2Fv2%2Fcategories&post=68"},{"taxonomy":"post_tag","embeddable":true,"href":"https:\/\/sntrvfl.org\/blogpat\/index.php?rest_route=%2Fwp%2Fv2%2Ftags&post=68"}],"curies":[{"name":"wp","href":"https:\/\/api.w.org\/{rel}","templated":true}]}}